{"id":29917,"date":"2024-03-12T18:05:15","date_gmt":"2024-03-13T00:05:15","guid":{"rendered":"https:\/\/elobservatorio.com.mx\/?p=29917"},"modified":"2024-03-12T18:05:15","modified_gmt":"2024-03-13T00:05:15","slug":"la-feria-del-libro-manzanillo-2024-dara-comienzo-este-fin-de-semana","status":"publish","type":"post","link":"http:\/\/elobservatorio.com.mx\/?p=29917","title":{"rendered":"La Feria del Libro Manzanillo 2024 dar\u00e1 comienzo este fin de semana"},"content":{"rendered":"<p>En una tercera edici\u00f3n, del 15 al 24 de marzo, el Gobierno municipal, presentar\u00e1 La Feria del Libro Manzanillo 2024, en donde los pa\u00edses invitados son Argentina y Chile, en este evento, habr\u00e1 escritores y periodistas invitados, charlas, conferencias, venta de libros, talleres, eventos culturales y art\u00edsticos.<\/p>\n<p>La plaza Ju\u00e1rez, del centro de la ciudad, ser\u00e1 la sede para el desarrollo de este evento. Ser\u00e1n 3 foros los que alberguen distintas tem\u00e1ticas, relacionadas con la literatura, todas ellas de acceso gratuito.<\/p>\n<p>Algunas de las expresiones con las que se contar\u00e1 en esta Feria del Libro, son; \u201cPoetas en movimiento\u201d, \u201cLa palabra y el silencio\u201d, \u201cEl boom de la literatura en am\u00e9rica latina\u201d, \u201cAlicia en el pa\u00eds de las maravillas\u201d, \u201cAlberto Isaac a 100 a\u00f1os de su nacimiento\u201d, \u201cEllas, las mujeres del 68\u201d, \u201cSue\u00f1os inmortales\u201d, \u201cCada quien su infierno\u201d, \u201cMorir de Amor\u201d, \u201cAmas de casa\u201d, \u201cEl camino de las emociones\u201d, \u201cCasas solas\u201d y mucho m\u00e1s.<\/p>\n<p>Este evento es p\u00fablico, ajeno a cualquier partido pol\u00edtico, queda prohibido el uso para fines distintos al desarrollo social.<\/p>\n","protected":false},"excerpt":{"rendered":"<p>En una tercera edici\u00f3n, del 15 al 24 de marzo, el Gobierno municipal, presentar\u00e1 La Feria del Libro Manzanillo 2024, en donde los pa\u00edses invitados son Argentina y Chile, en este evento, habr\u00e1 escritores y periodistas invitados, charlas, conferencias, venta de libros, talleres, eventos culturales y art\u00edsticos. La plaza Ju\u00e1rez, del centro de la ciudad,&#8230;<\/p>\n","protected":false},"author":2,"featured_media":29918,"comment_status":"open","ping_status":"open","sticky":false,"template":"","format":"standard","meta":{"footnotes":""},"categories":[35,8],"tags":[29,30,28],"class_list":["post-29917","post","type-post","status-publish","format-standard","has-post-thumbnail","hentry","category-manzanillo","category-municipios","tag-grid","tag-news","tag-slider"],"_links":{"self":[{"href":"http:\/\/elobservatorio.com.mx\/index.php?rest_route=\/wp\/v2\/posts\/29917"}],"collection":[{"href":"http:\/\/elobservatorio.com.mx\/index.php?rest_route=\/wp\/v2\/posts"}],"about":[{"href":"http:\/\/elobservatorio.com.mx\/index.php?rest_route=\/wp\/v2\/types\/post"}],"author":[{"embeddable":true,"href":"http:\/\/elobservatorio.com.mx\/index.php?rest_route=\/wp\/v2\/users\/2"}],"replies":[{"embeddable":true,"href":"http:\/\/elobservatorio.com.mx\/index.php?rest_route=%2Fwp%2Fv2%2Fcomments&post=29917"}],"version-history":[{"count":1,"href":"http:\/\/elobservatorio.com.mx\/index.php?rest_route=\/wp\/v2\/posts\/29917\/revisions"}],"predecessor-version":[{"id":29919,"href":"http:\/\/elobservatorio.com.mx\/index.php?rest_route=\/wp\/v2\/posts\/29917\/revisions\/29919"}],"wp:featuredmedia":[{"embeddable":true,"href":"http:\/\/elobservatorio.com.mx\/index.php?rest_route=\/wp\/v2\/media\/29918"}],"wp:attachment":[{"href":"http:\/\/elobservatorio.com.mx\/index.php?rest_route=%2Fwp%2Fv2%2Fmedia&parent=29917"}],"wp:term":[{"taxonomy":"category","embeddable":true,"href":"http:\/\/elobservatorio.com.mx\/index.php?rest_route=%2Fwp%2Fv2%2Fcategories&post=29917"},{"taxonomy":"post_tag","embeddable":true,"href":"http:\/\/elobservatorio.com.mx\/index.php?rest_route=%2Fwp%2Fv2%2Ftags&post=29917"}],"curies":[{"name":"wp","href":"https:\/\/api.w.org\/{rel}","templated":true}]}}