{"id":29921,"date":"2024-03-12T20:03:23","date_gmt":"2024-03-13T02:03:23","guid":{"rendered":"https:\/\/elobservatorio.com.mx\/?p=29921"},"modified":"2024-03-12T20:03:23","modified_gmt":"2024-03-13T02:03:23","slug":"aporte-de-jubilados-y-pensionados-fortalece-a-la-udec-reconoce-rector","status":"publish","type":"post","link":"http:\/\/elobservatorio.com.mx\/?p=29921","title":{"rendered":"Aporte de Jubilados y Pensionados fortalece a la UdeC, reconoce Rector"},"content":{"rendered":"<p><em>*Jes\u00fas Campos, presidente de las y los jubilados universitarios, rindi\u00f3 su tercer informe de labores al frente de esta asociaci\u00f3n.<\/em><\/p>\n<p>Este martes, en un sal\u00f3n de convenciones del norte de la ciudad, Jes\u00fas Campos S\u00e1nchez, presidente de la Asociaci\u00f3n de Jubilados y Pensionados de la Universidad de Colima, rindi\u00f3 su tercer informe de actividades 2023-2024, en el que destac\u00f3 las actividades y eventos realizados por la asociaci\u00f3n junto con la UdeC y los servicios que ofrece a sus miembros. Hermelinda Rodr\u00edguez, tesorera de esta agrupaci\u00f3n, rindi\u00f3 un reporte financiero. Al informe asisti\u00f3 el rector Christian Torres Ortiz Zerme\u00f1o.<\/p>\n<p>Jes\u00fas Campos hizo un recuento de los eventos universitarios donde la Asociaci\u00f3n estuvo presente, resaltando la marcha del primero de mayo, el Primer Foro de Econom\u00eda Circular, la entrega de la Medalla \u201cL\u00e1zaro C\u00e1rdenas del R\u00edo y la FIL Guadalajara.<\/p>\n<p>Tambi\u00e9n se sumaron a las diversas actividades de la UdeC con motivo de su 83 aniversario y participaron en la campa\u00f1a de ReforestAcci\u00f3n, en la entrega del Doctorado Honoris Causa a Eduardo Matos y asistieron al III Informe de labores del rector.<\/p>\n<p>De igual manera, coment\u00f3 que recibieron cuatro charlas sobre alimentaci\u00f3n, finanzas, activaci\u00f3n f\u00edsica y aplicaciones digitales, y resalt\u00f3 la firma de un convenio con el Centro de Diagn\u00f3stico Integral, que les otorgar\u00e1 descuento en servicios de resonancia magn\u00e9tica, tomograf\u00edas, ultrasonidos y rayos X, entre otros.<\/p>\n<p>Adem\u00e1s, firm\u00f3 convenios con el restaurante La Casa de Piedra<em>, <\/em>el Gimnasio FIT 360, la Cl\u00ednica de Diagn\u00f3stico Resonancia de Colima, y cre\u00f3 un directorio de donadores de sangre para universitarios.<\/p>\n<p>Al rector le dijo: \u201cReconocemos su trayectoria, su don de gente y la labor al frente de la UdeC. Cuente con nuestro apoyo para lograr que cada d\u00eda la casa de estudios se fortalezca en todos los \u00e1mbitos; tenemos la camiseta bien puesta, pues somos y seguiremos siendo universitarios\u201d, enunci\u00f3.<\/p>\n<p>En su mensaje, Christian Torres Ortiz coment\u00f3 que esta agrupaci\u00f3n, con m\u00e1s de diez a\u00f1os de historia y m\u00e1s de mil agremiados, \u201cha logrado una notable relevancia en la vida institucional, pues contribuye con su participaci\u00f3n activa a la consolidaci\u00f3n de la UdeC\u201d.<\/p>\n<p>\u201cReconocemos su compromiso con la mejora y el alcance de nuevos objetivos, pues estos esfuerzos impactan directamente en la calidad de vida de sus agremiados, quienes han encontrado en esta organizaci\u00f3n un espacio de crecimiento y especialmente de reencuentro con sus compa\u00f1eros y compa\u00f1eras, as\u00ed como con la instituci\u00f3n\u201d, agreg\u00f3.<\/p>\n<p>Por \u00faltimo, agradeci\u00f3 el apoyo que otorgan a las causas universitarias, porque favorecen a las personas y entornos que la UdeC promueve a trav\u00e9s de la docencia, la investigaci\u00f3n, la extensi\u00f3n, difusi\u00f3n y preservaci\u00f3n de la cultura: \u201cPor sus aportaciones, les agradecemos y tienen nuestro respaldo para llevar a cabo las iniciativas que favorezcan su desarrollo y el de la comunidad\u201d.<\/p>\n<p>En el pres\u00eddium tambi\u00e9n estuvo Sergio Venancio, secretario de la Asociaci\u00f3n.<\/p>\n<p>&nbsp;<\/p>\n","protected":false},"excerpt":{"rendered":"<p>*Jes\u00fas Campos, presidente de las y los jubilados universitarios, rindi\u00f3 su tercer informe de labores al frente de esta asociaci\u00f3n. Este martes, en un sal\u00f3n de convenciones del norte de la ciudad, Jes\u00fas Campos S\u00e1nchez, presidente de la Asociaci\u00f3n de Jubilados y Pensionados de la Universidad de Colima, rindi\u00f3 su tercer informe de actividades 2023-2024,&#8230;<\/p>\n","protected":false},"author":2,"featured_media":29922,"comment_status":"open","ping_status":"open","sticky":false,"template":"","format":"standard","meta":{"footnotes":""},"categories":[14],"tags":[29,30,28],"class_list":["post-29921","post","type-post","status-publish","format-standard","has-post-thumbnail","hentry","category-educacion-y-cultura","tag-grid","tag-news","tag-slider"],"_links":{"self":[{"href":"http:\/\/elobservatorio.com.mx\/index.php?rest_route=\/wp\/v2\/posts\/29921"}],"collection":[{"href":"http:\/\/elobservatorio.com.mx\/index.php?rest_route=\/wp\/v2\/posts"}],"about":[{"href":"http:\/\/elobservatorio.com.mx\/index.php?rest_route=\/wp\/v2\/types\/post"}],"author":[{"embeddable":true,"href":"http:\/\/elobservatorio.com.mx\/index.php?rest_route=\/wp\/v2\/users\/2"}],"replies":[{"embeddable":true,"href":"http:\/\/elobservatorio.com.mx\/index.php?rest_route=%2Fwp%2Fv2%2Fcomments&post=29921"}],"version-history":[{"count":1,"href":"http:\/\/elobservatorio.com.mx\/index.php?rest_route=\/wp\/v2\/posts\/29921\/revisions"}],"predecessor-version":[{"id":29923,"href":"http:\/\/elobservatorio.com.mx\/index.php?rest_route=\/wp\/v2\/posts\/29921\/revisions\/29923"}],"wp:featuredmedia":[{"embeddable":true,"href":"http:\/\/elobservatorio.com.mx\/index.php?rest_route=\/wp\/v2\/media\/29922"}],"wp:attachment":[{"href":"http:\/\/elobservatorio.com.mx\/index.php?rest_route=%2Fwp%2Fv2%2Fmedia&parent=29921"}],"wp:term":[{"taxonomy":"category","embeddable":true,"href":"http:\/\/elobservatorio.com.mx\/index.php?rest_route=%2Fwp%2Fv2%2Fcategories&post=29921"},{"taxonomy":"post_tag","embeddable":true,"href":"http:\/\/elobservatorio.com.mx\/index.php?rest_route=%2Fwp%2Fv2%2Ftags&post=29921"}],"curies":[{"name":"wp","href":"https:\/\/api.w.org\/{rel}","templated":true}]}}