{"id":29987,"date":"2024-03-21T15:00:52","date_gmt":"2024-03-21T21:00:52","guid":{"rendered":"http:\/\/elobservatorio.com.mx\/?p=29987"},"modified":"2024-03-21T15:00:52","modified_gmt":"2024-03-21T21:00:52","slug":"realiza-imss-colima-el-septimo-encuentro-prevenimss-ella-y-el","status":"publish","type":"post","link":"http:\/\/elobservatorio.com.mx\/?p=29987","title":{"rendered":"Realiza IMSS Colima el s\u00e9ptimo encuentro PrevenIMSS  \u201cElla y \u00e9l\u201d"},"content":{"rendered":"<p class=\"x_gmail-MsoListParagraph\"><em>*Estrategia educativa dirigida a hombres y mujeres de 20 a 59 a\u00f1os.<\/em><\/p>\n<p class=\"x_gmail-MsoNoSpacing\">El Instituto Mexicano del Seguro Social (IMSS) en Colima a trav\u00e9s del personal de salud de la Unidad de Medicina Familiar (UMF) No. 18 llev\u00f3 a cabo el s\u00e9ptimo encuentro de la estrategia PrevenIMSS \u201cElla y \u00e9l\u201d, en el jard\u00edn principal del municipio de Comala, Colima.<\/p>\n<p class=\"x_gmail-MsoNoSpacing\">\u00c9ste tiene la finalidad de fortalecer la prevenci\u00f3n y autocuidado de la salud en las mujeres y hombres de 20 a 59 a\u00f1os, por lo que se realizan pl\u00e1ticas grupales e individuales sobre temas de violencia intrafamiliar, adicciones, autoestima, salud mental, salud sexual, manejo del estr\u00e9s, emociones, entre otros.<\/p>\n<p class=\"x_gmail-MsoNoSpacing\">El objetivo es promover el autocuidado de la salud de mujeres y hombres, proporcionando elementos que les permitan la reflexi\u00f3n y toma de decisiones de forma libre e informada.<\/p>\n<p class=\"x_gmail-MsoNoSpacing\">Se promueve el desarrollo afectivo y emocional como una forma de prevenci\u00f3n de enfermedades. Asimismo, reconoce el valor de las personas para establecer un objetivo de vida.<\/p>\n<p class=\"x_gmail-MsoNoSpacing\">Sus componentes principales son: alimentaci\u00f3n correcta, actividad f\u00edsica, Chequeo PrevenIMSS, prevenci\u00f3n de accidentes, adicciones, violencia, proyecto de vida, comunicaci\u00f3n, autoestima y salud mental (manejo del estr\u00e9s y emociones).<\/p>\n<p class=\"x_gmail-MsoNoSpacing\">El programa \u201cElla y \u00c9l\u201d es desarrollado por personal de Trabajo Social con apoyo de un grupo multidisciplinario conformado por enfermeras, m\u00e9dicos y nutri\u00f3logos; adem\u00e1s de que tambi\u00e9n se tiene contacto con otros grupos de apoyo, en caso de que los pacientes lo requieran.<\/p>\n<p class=\"x_gmail-MsoNoSpacing\">Entre los aspectos que se abordan en este programa se encuentran los beneficios de la actividad f\u00edsica, el consumo de alimentos saludables; la promoci\u00f3n de herramientas para la vida en cuanto al conocimiento de s\u00ed mismo y el cuidado general de la persona.<\/p>\n<p class=\"x_gmail-MsoNoSpacing\">El IMSS en Colima invita a mujeres y hombres de 20 a 59 a\u00f1os y m\u00e1s, a acercarse a sus UMF donde les brindar\u00e1n educaci\u00f3n para la salud y recibir\u00e1n las acciones de detecci\u00f3n mediante el Chequeo PrevenIMSS y de manera dirigida, la derivaci\u00f3n correspondiente de acuerdo con la necesidad de una atenci\u00f3n especializada.<\/p>\n","protected":false},"excerpt":{"rendered":"<p>*Estrategia educativa dirigida a hombres y mujeres de 20 a 59 a\u00f1os. El Instituto Mexicano del Seguro Social (IMSS) en Colima a trav\u00e9s del personal de salud de la Unidad de Medicina Familiar (UMF) No. 18 llev\u00f3 a cabo el s\u00e9ptimo encuentro de la estrategia PrevenIMSS \u201cElla y \u00e9l\u201d, en el jard\u00edn principal del municipio&#8230;<\/p>\n","protected":false},"author":2,"featured_media":29988,"comment_status":"open","ping_status":"open","sticky":false,"template":"","format":"standard","meta":{"footnotes":""},"categories":[9],"tags":[29,30,28],"class_list":["post-29987","post","type-post","status-publish","format-standard","has-post-thumbnail","hentry","category-agro-y-salud","tag-grid","tag-news","tag-slider"],"_links":{"self":[{"href":"http:\/\/elobservatorio.com.mx\/index.php?rest_route=\/wp\/v2\/posts\/29987"}],"collection":[{"href":"http:\/\/elobservatorio.com.mx\/index.php?rest_route=\/wp\/v2\/posts"}],"about":[{"href":"http:\/\/elobservatorio.com.mx\/index.php?rest_route=\/wp\/v2\/types\/post"}],"author":[{"embeddable":true,"href":"http:\/\/elobservatorio.com.mx\/index.php?rest_route=\/wp\/v2\/users\/2"}],"replies":[{"embeddable":true,"href":"http:\/\/elobservatorio.com.mx\/index.php?rest_route=%2Fwp%2Fv2%2Fcomments&post=29987"}],"version-history":[{"count":1,"href":"http:\/\/elobservatorio.com.mx\/index.php?rest_route=\/wp\/v2\/posts\/29987\/revisions"}],"predecessor-version":[{"id":29989,"href":"http:\/\/elobservatorio.com.mx\/index.php?rest_route=\/wp\/v2\/posts\/29987\/revisions\/29989"}],"wp:featuredmedia":[{"embeddable":true,"href":"http:\/\/elobservatorio.com.mx\/index.php?rest_route=\/wp\/v2\/media\/29988"}],"wp:attachment":[{"href":"http:\/\/elobservatorio.com.mx\/index.php?rest_route=%2Fwp%2Fv2%2Fmedia&parent=29987"}],"wp:term":[{"taxonomy":"category","embeddable":true,"href":"http:\/\/elobservatorio.com.mx\/index.php?rest_route=%2Fwp%2Fv2%2Fcategories&post=29987"},{"taxonomy":"post_tag","embeddable":true,"href":"http:\/\/elobservatorio.com.mx\/index.php?rest_route=%2Fwp%2Fv2%2Ftags&post=29987"}],"curies":[{"name":"wp","href":"https:\/\/api.w.org\/{rel}","templated":true}]}}