{"id":29998,"date":"2024-03-31T18:10:42","date_gmt":"2024-04-01T00:10:42","guid":{"rendered":"http:\/\/elobservatorio.com.mx\/?p=29998"},"modified":"2024-03-31T18:10:42","modified_gmt":"2024-04-01T00:10:42","slug":"exhorta-ieec-a-partidos-politicos-incluir-a-diferentes-sectores-de-la-poblacion-en-candidaturas","status":"publish","type":"post","link":"http:\/\/elobservatorio.com.mx\/?p=29998","title":{"rendered":"Exhorta IEEC a partidos pol\u00edticos incluir a diferentes sectores de la poblaci\u00f3n, en candidaturas"},"content":{"rendered":"<p><em>*Adem\u00e1s \u00a0adiciona los lineamientos para prevenir, atender y erradicar la violencia pol\u00edtica en raz\u00f3n de g\u00e9nero.<\/em><\/p>\n<p><em>\u00a0<\/em><em>**Tambi\u00e9n determin\u00f3 la fecha y hora de inicio de publicaci\u00f3n de los datos, im\u00e1genes y bases de datos del PREP, as\u00ed como el n\u00famero de actualizaciones y cierre del mismo <\/em><\/p>\n<p><em>*Adem\u00e1s desahog\u00f3 consulta formulada por el PRI. <\/em><\/p>\n<p><em>\u00a0<\/em>Previo al inicio de los registros de candidaturas a las diputaciones locales y ayuntamientos del Proceso Electoral Local 2023-2024, el Consejo General del Instituto del Estado de Colima (IEE) emiti\u00f3 dos exhortos a los partidos pol\u00edticos y coaliciones para que hagan p\u00fablicos sus criterios objetivos para garantizar la paridad de g\u00e9nero, la cuota de las personas j\u00f3venes y la cuota de las personas integrantes de grupos de atenci\u00f3n prioritaria; as\u00ed como para procurar a inclusi\u00f3n de personas adultas mayores, afromexicanas, migrantes y residentes en el extranjero.<\/p>\n<p>En ese sentido, a fin de generar las condiciones conducentes para cumplir con la representaci\u00f3n paritaria, incluyente y libre de violencia pol\u00edtica en raz\u00f3n de g\u00e9nero en el desarrollo del actual proceso electoral, el instituto hace un llamado para que hagan p\u00fablicos sus mecanismos internos para prevenir, erradicar y sancionar la violencia pol\u00edtica contra las mujeres en raz\u00f3n de g\u00e9nero; as\u00ed como para garantizar la paridad de g\u00e9nero en las candidaturas, los cuales, deber\u00e1n ser objetivos y asegurar condiciones de igualdad sustantiva entre mujeres y hombres.<\/p>\n<p>As\u00ed mismo, en el exhorto originado desde la Comisi\u00f3n de Igualdad y Perspectiva de G\u00e9nero y No Discriminaci\u00f3n del IEE, se les invita a dar cumplimiento a la obligaci\u00f3n de hacer p\u00fablicos, antes del inicio del periodo de solicitudes de registros de candidaturas, los criterios para garantizar el cumplimiento a la cuota de j\u00f3venes y a la cuota de integrantes de grupos de atenci\u00f3n prioritaria.<\/p>\n<p>El segundo exhorto emitido por la autoridad electoral local es a fin de procurar la representaci\u00f3n de personas adultas mayores, afromexicanas, migrantes y residentes en el extranjero en sus candidaturas de diputaciones locales y para los ayuntamientos, generando las acciones conducentes para observar y procurar la representaci\u00f3n de las personas integrantes de estos grupos, en el periodo de registro de candidaturas correspondiente. Lo anterior, como medida que permita maximizar los derechos pol\u00edtico-electorales de los diversos sectores de la poblaci\u00f3n\u201d.<\/p>\n<p>Adem\u00e1s se realiz\u00f3 un atento llamado a los partidos pol\u00edticos y coaliciones, sin perjuicio al cumplimiento y observancia a los Lineamientos previamente aprobados por el Consejo General de este Instituto Electoral, y derivado de una solicitud de la sociedad civil organizada, a procurar postular en su caso, a las personas j\u00f3venes, no solo a las regidur\u00edas, sino tambi\u00e9n incluso a los cargos de las presidencias municipales y sindicaturas dentro de las planillas de los ayuntamientos.<\/p>\n<p>Por otro lado, el \u00d3rgano Superior de Direcci\u00f3n aprob\u00f3 la adici\u00f3n a los lineamientos para prevenir, atender y erradicar la violencia pol\u00edtica contra las mujeres en raz\u00f3n de g\u00e9nero, a efectos de incluir el 8 de 8, en observancia a la Constituci\u00f3n Pol\u00edtica de los Estados Unidos Mexicanos.<\/p>\n<p>El 8 de 8 refiere que para el caso de candidaturas a diputaciones por ambos principios, y de miembros de ayuntamientos, no se podr\u00e1n registrar f\u00f3rmulas de ciudadanas y\/o ciudadanos que cuenten con sentencia firme en los siguientes supuestos: 1.Comisi\u00f3n intencional de delitos contra la vida y la integridad corporal; 2. Contra la libertad y seguridad sexuales; 3. Cuando afecte el normal desarrollo psicosexual; 4. Violencia familiar equiparada; 5. Violencia dom\u00e9stica; 6. Violaci\u00f3n a la intimidad sexual; 7. Violencia pol\u00edtica contra las mujeres en raz\u00f3n de g\u00e9nero, en cualquiera de sus modalidades y tipos; y 8. Ser declarada como persona deudora alimentaria morosa.<\/p>\n<p>En otros puntos del Orden del D\u00eda, las y los integrantes del Consejo General determinaron que ser\u00eda a las 19:00 (diecinueve) horas del domingo 2 de junio de 2024, cuando d\u00e9 inicio la publicaci\u00f3n de los datos, im\u00e1genes y bases de datos de los resultados electorales preliminares para este Proceso Electoral Local 2023-2024; adem\u00e1s, que en dicho acto y hora se\u00f1alada, deber\u00e1 estar presente una o un fedatario p\u00fablico con la finalidad de que d\u00e9 fe y constancia de que los servidores de datos e im\u00e1genes no contienen ning\u00fan archivo de datos o imagen agregada.<\/p>\n<p>Acerca del mismo tema, establecieron el n\u00famero de actualizaciones por hora de los datos y de las bases de datos de los resultados electorales preliminares del mencionado proceso, mismas que ser\u00e1n tres con intervalos de 20 (veinte) minutos entre cada una, que contengan los resultados electorales preliminares. Dicha publicaci\u00f3n deber\u00e1 llevarse a cabo por este Instituto Electoral del Estado de Colima y a trav\u00e9s de difusores oficiales, autorizados por el Consejo General de este organismo electoral.<\/p>\n<p>Tambi\u00e9n se aprob\u00f3 que la \u00faltima actualizaci\u00f3n de datos, im\u00e1genes y bases de datos de los resultados electorales preliminares ser\u00e1 a m\u00e1s tardar a las 19:00 (diecinueve) horas del lunes 3 (tres) de junio de 2024; en ese mismo d\u00eda y hora se podr\u00e1 cerrar, siempre y cuando se logre el cien por ciento de la publicaci\u00f3n de las Actas PREP esperadas y se hayan agotado los recursos de recuperaci\u00f3n de las mismas.<\/p>\n<p>Finalmente, en la sesi\u00f3n de este s\u00e1bado, se desahog\u00f3 la consulta formulada por el Partido Revolucionario Institucional (PRI), sobre si el Consejo General considera que la C. Elia Margarita Moreno Gonz\u00e1lez, puede ser postulada en v\u00eda reelecci\u00f3n al cargo de Presidenta Municipal por un partido pol\u00edtico distinto al que la postul\u00f3 originalmente, a lo que se anot\u00f3 que el partido que la postule y la candidata en cuesti\u00f3n, en su caso, deber\u00e1n dar cumplimiento a la totalidad de requisitos establecidos en el C\u00f3digo Electoral del Estado de Colima.<\/p>\n","protected":false},"excerpt":{"rendered":"<p>*Adem\u00e1s \u00a0adiciona los lineamientos para prevenir, atender y erradicar la violencia pol\u00edtica en raz\u00f3n de g\u00e9nero. \u00a0**Tambi\u00e9n determin\u00f3 la fecha y hora de inicio de publicaci\u00f3n de los datos, im\u00e1genes y bases de datos del PREP, as\u00ed como el n\u00famero de actualizaciones y cierre del mismo *Adem\u00e1s desahog\u00f3 consulta formulada por el PRI. \u00a0Previo al&#8230;<\/p>\n","protected":false},"author":2,"featured_media":29999,"comment_status":"open","ping_status":"open","sticky":false,"template":"","format":"standard","meta":{"footnotes":""},"categories":[61,12],"tags":[29,30,28],"class_list":["post-29998","post","type-post","status-publish","format-standard","has-post-thumbnail","hentry","category-elecciones-2024","category-sociedad","tag-grid","tag-news","tag-slider"],"_links":{"self":[{"href":"http:\/\/elobservatorio.com.mx\/index.php?rest_route=\/wp\/v2\/posts\/29998"}],"collection":[{"href":"http:\/\/elobservatorio.com.mx\/index.php?rest_route=\/wp\/v2\/posts"}],"about":[{"href":"http:\/\/elobservatorio.com.mx\/index.php?rest_route=\/wp\/v2\/types\/post"}],"author":[{"embeddable":true,"href":"http:\/\/elobservatorio.com.mx\/index.php?rest_route=\/wp\/v2\/users\/2"}],"replies":[{"embeddable":true,"href":"http:\/\/elobservatorio.com.mx\/index.php?rest_route=%2Fwp%2Fv2%2Fcomments&post=29998"}],"version-history":[{"count":1,"href":"http:\/\/elobservatorio.com.mx\/index.php?rest_route=\/wp\/v2\/posts\/29998\/revisions"}],"predecessor-version":[{"id":30000,"href":"http:\/\/elobservatorio.com.mx\/index.php?rest_route=\/wp\/v2\/posts\/29998\/revisions\/30000"}],"wp:featuredmedia":[{"embeddable":true,"href":"http:\/\/elobservatorio.com.mx\/index.php?rest_route=\/wp\/v2\/media\/29999"}],"wp:attachment":[{"href":"http:\/\/elobservatorio.com.mx\/index.php?rest_route=%2Fwp%2Fv2%2Fmedia&parent=29998"}],"wp:term":[{"taxonomy":"category","embeddable":true,"href":"http:\/\/elobservatorio.com.mx\/index.php?rest_route=%2Fwp%2Fv2%2Fcategories&post=29998"},{"taxonomy":"post_tag","embeddable":true,"href":"http:\/\/elobservatorio.com.mx\/index.php?rest_route=%2Fwp%2Fv2%2Ftags&post=29998"}],"curies":[{"name":"wp","href":"https:\/\/api.w.org\/{rel}","templated":true}]}}