{"id":30025,"date":"2024-04-09T11:54:21","date_gmt":"2024-04-09T17:54:21","guid":{"rendered":"https:\/\/elobservatorio.com.mx\/?p=30025"},"modified":"2024-04-09T11:54:21","modified_gmt":"2024-04-09T17:54:21","slug":"oscar-avalos-advierte-que-basta-de-pretextos-y-de-gobiernos-poco-transparentes","status":"publish","type":"post","link":"http:\/\/elobservatorio.com.mx\/?p=30025","title":{"rendered":"\u00d3scar \u00c1valos advierte que basta de pretextos y de gobiernos poco transparentes"},"content":{"rendered":"<p><em>*El comercio de Tecom\u00e1n, cobija proyecto de \u00d3scar \u00c1valos<\/em><\/p>\n<p>El candidato a la presidencia municipal de Tecom\u00e1n, Oscar \u00c1valos Verdugo, representante de la coalici\u00f3n Fuerza y Coraz\u00f3n (PRI-PAN), enfatiz\u00f3 su compromiso de ser una autoridad comprometida, de resultados, \u201cya basta de pretextos de los que nos desgobiernan\u201d<\/p>\n<p>Durante un encuentro con diversos representantes del comercio, el abanderado a la alcald\u00eda se\u00f1al\u00f3 que la gente quiere una mejor calidad de vida, \u201cNos externan sus preocupaciones de seguridad, salud, servicios, apoyo en el campo, apoyo a los j\u00f3venes, a los adultos mayores\u00bb.<\/p>\n<p>En\u00e9rgicamente, el candidato destac\u00f3 la importancia de escuchar las necesidades y aspiraciones de la comunidad, comprometi\u00e9ndose a priorizar la acci\u00f3n sobre los pretextos. \u00abLos ayuntamientos tenemos que buscar la manera de resolver temas y no buscar pretextos\u00bb, subray\u00f3 \u00c1valos Verdugo.<\/p>\n<p>Con una trayectoria marcada por el compromiso c\u00edvico y pol\u00edtico, \u00c1valos Verdugo record\u00f3 su experiencia previa como presidente municipal, enfrentando desaf\u00edos que van desde desastres naturales hasta proyectos de infraestructura b\u00e1sica. Ahora, se prepara para liderar nuevamente con el apoyo de sus compa\u00f1eras y compa\u00f1eros del cabildo.<\/p>\n<p>\u00abVamos a responderle a Tecom\u00e1n como est\u00e1 esperando que le respondamos. Hace muchos a\u00f1os que coman dej\u00f3 de tener autoridades serias, honestas y transparentes\u00bb, afirm\u00f3 \u00c1valos Verdugo. Ante el reto de restaurar la confianza y trabajar en pro del bienestar de la comunidad, el candidato se comprometi\u00f3 a dar lo mejor de s\u00ed y a ganar la confianza de la gente.<\/p>\n<p>La postura firme de \u00c1valos Verdugo refleja el clamor de la poblaci\u00f3n por una gesti\u00f3n transparente y efectiva con un futuro de progreso y bienestar para Tecom\u00e1n y sus habitantes.<\/p>\n","protected":false},"excerpt":{"rendered":"<p>*El comercio de Tecom\u00e1n, cobija proyecto de \u00d3scar \u00c1valos El candidato a la presidencia municipal de Tecom\u00e1n, Oscar \u00c1valos Verdugo, representante de la coalici\u00f3n Fuerza y Coraz\u00f3n (PRI-PAN), enfatiz\u00f3 su compromiso de ser una autoridad comprometida, de resultados, \u201cya basta de pretextos de los que nos desgobiernan\u201d Durante un encuentro con diversos representantes del comercio,&#8230;<\/p>\n","protected":false},"author":2,"featured_media":30026,"comment_status":"open","ping_status":"open","sticky":false,"template":"","format":"standard","meta":{"footnotes":""},"categories":[61,10],"tags":[29,30,28],"class_list":["post-30025","post","type-post","status-publish","format-standard","has-post-thumbnail","hentry","category-elecciones-2024","category-politica","tag-grid","tag-news","tag-slider"],"_links":{"self":[{"href":"http:\/\/elobservatorio.com.mx\/index.php?rest_route=\/wp\/v2\/posts\/30025"}],"collection":[{"href":"http:\/\/elobservatorio.com.mx\/index.php?rest_route=\/wp\/v2\/posts"}],"about":[{"href":"http:\/\/elobservatorio.com.mx\/index.php?rest_route=\/wp\/v2\/types\/post"}],"author":[{"embeddable":true,"href":"http:\/\/elobservatorio.com.mx\/index.php?rest_route=\/wp\/v2\/users\/2"}],"replies":[{"embeddable":true,"href":"http:\/\/elobservatorio.com.mx\/index.php?rest_route=%2Fwp%2Fv2%2Fcomments&post=30025"}],"version-history":[{"count":1,"href":"http:\/\/elobservatorio.com.mx\/index.php?rest_route=\/wp\/v2\/posts\/30025\/revisions"}],"predecessor-version":[{"id":30027,"href":"http:\/\/elobservatorio.com.mx\/index.php?rest_route=\/wp\/v2\/posts\/30025\/revisions\/30027"}],"wp:featuredmedia":[{"embeddable":true,"href":"http:\/\/elobservatorio.com.mx\/index.php?rest_route=\/wp\/v2\/media\/30026"}],"wp:attachment":[{"href":"http:\/\/elobservatorio.com.mx\/index.php?rest_route=%2Fwp%2Fv2%2Fmedia&parent=30025"}],"wp:term":[{"taxonomy":"category","embeddable":true,"href":"http:\/\/elobservatorio.com.mx\/index.php?rest_route=%2Fwp%2Fv2%2Fcategories&post=30025"},{"taxonomy":"post_tag","embeddable":true,"href":"http:\/\/elobservatorio.com.mx\/index.php?rest_route=%2Fwp%2Fv2%2Ftags&post=30025"}],"curies":[{"name":"wp","href":"https:\/\/api.w.org\/{rel}","templated":true}]}}