{"id":30244,"date":"2024-05-11T13:12:46","date_gmt":"2024-05-11T19:12:46","guid":{"rendered":"https:\/\/elobservatorio.com.mx\/?p=30244"},"modified":"2024-05-11T13:12:46","modified_gmt":"2024-05-11T19:12:46","slug":"ganas-de-ayudar-empatia-y-brindar-cuidados-esenciales-en-la-enfermeria-j-c-ponce","status":"publish","type":"post","link":"http:\/\/elobservatorio.com.mx\/?p=30244","title":{"rendered":"Ganas de ayudar, empat\u00eda y brindar cuidados, esenciales en la enfermer\u00eda: J. C. Ponce"},"content":{"rendered":"<p><em>*\u201cLas enfermeras y los enfermeros son la mayor fuerza num\u00e9rica en los hospitales y son necesarios en todas las \u00e1reas de hospitalizaci\u00f3n, desde la parte preventiva hasta las de especialidades y subespecialidades\u201d, agreg\u00f3 este profesor de la UdeC.<\/em><\/p>\n<p>En el marco del D\u00eda Internacional de la Enfermer\u00eda, que se celebra cada 12 de mayo, la Facultad de Enfermer\u00eda de la Universidad de Colima (UdeC) llev\u00f3 a cabo la XXXII Semana de Enfermer\u00eda, del 7 al 9 de mayo, con el objetivo de brindar educaci\u00f3n continua de vanguardia y calidad a las y los estudiantes.<\/p>\n<p>En entrevista, el Mtro. Juan Carlos Ponce Rodr\u00edguez, profesor de Enfermer\u00eda de la UdeC y coordinador de esta XXXII Semana, enfatiz\u00f3 la importancia de la enfermer\u00eda como una profesi\u00f3n imprescindible en el sistema de salud, destacando su rol en la atenci\u00f3n integral de los pacientes y la promoci\u00f3n de la salud.<\/p>\n<p>\u201cLa enfermer\u00eda es una profesi\u00f3n que va m\u00e1s all\u00e1 de la parte t\u00e9cnica\u201d, se\u00f1al\u00f3 Carlos Ponce. \u201cEs una profesi\u00f3n de empat\u00eda, de brindar cuidados con calidad y calidez y sobre todo con amor y cari\u00f1o, algo que no podr\u00e1 ser reemplazado por una m\u00e1quina\u201d.<\/p>\n<p>Asegur\u00f3 que \u201cla enfermer\u00eda es una profesi\u00f3n imprescindible en el \u00e1mbito de la salud. Las enfermeras y los enfermeros son la mayor fuerza num\u00e9rica en los hospitales (alrededor del 60 por ciento) y son necesarios en todas las \u00e1reas de hospitalizaci\u00f3n, desde la parte preventiva hasta las de especialidades y subespecialidades\u201d.<\/p>\n<p>Las enfermeras o los enfermeros, dijo, \u201csomos el profesional que se encarga de curar, cuidar y prevenir alguna complicaci\u00f3n que puedan llegar a presentar nuestros pacientes. La diferencia que tenemos con un m\u00e9dico es que nosotros cuidamos y otorgamos cuidados de calidad y calidez\u201d.<\/p>\n<p>En este sentido, la XXXII Semana de Enfermer\u00eda incluy\u00f3 paneles sobre temas como el desarrollo general del ser humano, los duelos por p\u00e9rdidas, y talleres esenciales como la ventilaci\u00f3n mec\u00e1nica en pacientes, la inserci\u00f3n de cat\u00e9teres venoso-perif\u00e9ricos o canalizaci\u00f3n y la di\u00e1lisis peritoneal.<\/p>\n<p><strong>La Enfermer\u00eda: Una profesi\u00f3n en demanda<\/strong><\/p>\n<p>Ponce Rodr\u00edguez dijo que la enfermer\u00eda es una profesi\u00f3n en alta demanda, tanto en M\u00e9xico como en el resto del mundo. \u201cEste a\u00f1o, la carrera de enfermer\u00eda fue la m\u00e1s demandada en la Universidad de Colima. Estamos bien posicionados en el terreno laboral, puesto que hemos hecho estudios de factibilidad, preguntamos a los empleadores y ellos nos eligen como n\u00famero uno ante las dem\u00e1s escuelas del estado\u201d.<\/p>\n<p>Para ser enfermero o enfermera, se\u00f1al\u00f3 que es necesario tener tres cualidades: \u201cGanas de ayudar, empat\u00eda y que te guste brindar cuidados\u201d.<\/p>\n<p>\u201cLa enfermer\u00eda es una profesi\u00f3n bien remunerada\u201d, dijo para finalizar Carlos Ponce. \u201cPero independientemente de eso, se debe tener el deseo de ayudar y apoyar a los dem\u00e1s, ser emp\u00e1tico, porque la empat\u00eda es el valor esencial de la enfermer\u00eda, que te gusten los cuidados y brindar ayuda a los dem\u00e1s sin recibir a cambio quiz\u00e1s una remuneraci\u00f3n tan amplia, que s\u00ed la tenemos\u201d.<\/p>\n<p>&nbsp;<\/p>\n","protected":false},"excerpt":{"rendered":"<p>*\u201cLas enfermeras y los enfermeros son la mayor fuerza num\u00e9rica en los hospitales y son necesarios en todas las \u00e1reas de hospitalizaci\u00f3n, desde la parte preventiva hasta las de especialidades y subespecialidades\u201d, agreg\u00f3 este profesor de la UdeC. En el marco del D\u00eda Internacional de la Enfermer\u00eda, que se celebra cada 12 de mayo, la&#8230;<\/p>\n","protected":false},"author":2,"featured_media":30245,"comment_status":"open","ping_status":"open","sticky":false,"template":"","format":"standard","meta":{"footnotes":""},"categories":[14],"tags":[29,30,28],"class_list":["post-30244","post","type-post","status-publish","format-standard","has-post-thumbnail","hentry","category-educacion-y-cultura","tag-grid","tag-news","tag-slider"],"_links":{"self":[{"href":"http:\/\/elobservatorio.com.mx\/index.php?rest_route=\/wp\/v2\/posts\/30244"}],"collection":[{"href":"http:\/\/elobservatorio.com.mx\/index.php?rest_route=\/wp\/v2\/posts"}],"about":[{"href":"http:\/\/elobservatorio.com.mx\/index.php?rest_route=\/wp\/v2\/types\/post"}],"author":[{"embeddable":true,"href":"http:\/\/elobservatorio.com.mx\/index.php?rest_route=\/wp\/v2\/users\/2"}],"replies":[{"embeddable":true,"href":"http:\/\/elobservatorio.com.mx\/index.php?rest_route=%2Fwp%2Fv2%2Fcomments&post=30244"}],"version-history":[{"count":1,"href":"http:\/\/elobservatorio.com.mx\/index.php?rest_route=\/wp\/v2\/posts\/30244\/revisions"}],"predecessor-version":[{"id":30246,"href":"http:\/\/elobservatorio.com.mx\/index.php?rest_route=\/wp\/v2\/posts\/30244\/revisions\/30246"}],"wp:featuredmedia":[{"embeddable":true,"href":"http:\/\/elobservatorio.com.mx\/index.php?rest_route=\/wp\/v2\/media\/30245"}],"wp:attachment":[{"href":"http:\/\/elobservatorio.com.mx\/index.php?rest_route=%2Fwp%2Fv2%2Fmedia&parent=30244"}],"wp:term":[{"taxonomy":"category","embeddable":true,"href":"http:\/\/elobservatorio.com.mx\/index.php?rest_route=%2Fwp%2Fv2%2Fcategories&post=30244"},{"taxonomy":"post_tag","embeddable":true,"href":"http:\/\/elobservatorio.com.mx\/index.php?rest_route=%2Fwp%2Fv2%2Ftags&post=30244"}],"curies":[{"name":"wp","href":"https:\/\/api.w.org\/{rel}","templated":true}]}}