{"id":30253,"date":"2024-05-14T08:59:00","date_gmt":"2024-05-14T14:59:00","guid":{"rendered":"https:\/\/elobservatorio.com.mx\/?p=30253"},"modified":"2024-05-14T08:59:00","modified_gmt":"2024-05-14T14:59:00","slug":"beneficia-a-52-estudiantes-mas-la-beca-cara-amiga","status":"publish","type":"post","link":"http:\/\/elobservatorio.com.mx\/?p=30253","title":{"rendered":"Beneficia a 52 estudiantes m\u00e1s la Beca Cara Amiga"},"content":{"rendered":"<p><em>*Este proyecto de recaudaci\u00f3n de fondos fue premiado hace d\u00edas por el Consejo para el Avance y Apoyo de la Educaci\u00f3n (CASE, por sus siglas en ingl\u00e9s), en sus dos modalidades: beca alimentaria y la beca econ\u00f3mica.<\/em><\/p>\n<p>Gracias a las aportaciones voluntarias de la comunidad Universitaria y la sociedad en general, este lunes Christian Jorge Torres Ortiz Zerme\u00f1o, rector de la Universidad de Colima (UdeC), realiz\u00f3 la entrega de 52 becas econ\u00f3micas Cara Amiga a estudiantes de nivel superior pertenecientes a los cinco campus de la Casa de Estudios, beca que otorga 2 mil 500 pesos para el semestre febrero-agosto 2024.<\/p>\n<p>Desde el 2011 a la fecha, Beca Cara Amiga ha logrado beneficiar a 2 mil 903 estudiantes de la UdeC con sus dos tipos: 2 mil 530 beca alimenticia y 373 beca econ\u00f3mica. Un promedio de 242 beneficiados por a\u00f1o.<\/p>\n<p>En su intervenci\u00f3n, el rector agradeci\u00f3 a quienes a lo largo de estos a\u00f1os se han sumado al proyecto. Adem\u00e1s, resalt\u00f3 el premio que recibi\u00f3 recientemente este esfuerzo institucional: \u201cd\u00e9jenme contarles que somos la primera universidad p\u00fablica del pa\u00eds que recibe un premio de CASE por ser un modelo de recaudaci\u00f3n de fondos; nuestra mejor satisfacci\u00f3n y reconocimiento es que ustedes se sientan orgullosos de pertenecer a nuestra instituci\u00f3n, la Universidad de Colima\u201d.<\/p>\n<p>CASE es el acr\u00f3nimo de Consejo para el Avance y Apoyo de la Educaci\u00f3n. En cuento a los premios, el primero de ellos es el \u201cCircle of Excellence Awards 2023\u201d, nivel bronce, en la categor\u00eda Fundraising Multi-year campaigns (Recaudaci\u00f3n de fondos \/ Campa\u00f1as plurianuales), otorgado a la Universidad de Colima por el modelo de gesti\u00f3n de la Beca Cara Amiga.<\/p>\n<p>El segundo galard\u00f3n, \u201cThe Best of Latinamerica\u201d (El mejor de Latinoam\u00e9rica), reconoce tambi\u00e9n a la Beca Cara Amiga \u201cpor ser un modelo efectivo y creativo de procuraci\u00f3n de fondos\u201d.<\/p>\n<p>Por \u00faltimo, Torres Ortiz pidi\u00f3 a los que fueron beneficiados con una beca \u201cque sean corresponsables con el esfuerzo realizado para poder otorgar esta beca: se trata no solo de que entren a la Universidad o que permanezcan en ella, se trata de que egresen de la Universidad.<\/p>\n<p>\u201cTenemos claro -concluy\u00f3- que la parte econ\u00f3mica es un tema que para muchos de ustedes resulta compleja, por eso hacemos estos grandes esfuerzos en la Universidad, y vamos a seguir haciendo un enorme esfuerzo para que por motivos econ\u00f3micos nadie se quede sin estudiar\u201d.<\/p>\n<p>Ana Lilia Moreno Oceguera, directora general de Servicios Universitarios, se\u00f1al\u00f3 que esta Beca se otorga gracias a las aportaciones comprometidas de los y las donantes: \u201cpara que un modelo de recaudaci\u00f3n de fondos obtenga \u00f3ptimos resultados, se requiere de la participaci\u00f3n de toda la comunidad. El m\u00e9rito de esta beca es de todas y todos los que en 13 a\u00f1os hemos participado y no hemos bajado la guardia para seguir apoyando la educaci\u00f3n de nuestros estudiantes\u201d.<\/p>\n<p>\u201cMuchas gracias a nuestro Rector por impulsar y apoyar comprometidamente esta iniciativa, y a todos nuestros donantes les agradecemos de coraz\u00f3n su generosidad y disposici\u00f3n por contribuir con su aportaci\u00f3n\u201d, finaliz\u00f3.<\/p>\n<p>Galilea de Bel\u00e9n Larios Mart\u00ednez, estudiante de la carrera de Publicidad y Relaciones P\u00fablicas, dijo sentirse muy orgullosa de pertenecer a la Universidad; \u201ces una instituci\u00f3n que crea estas valiosas oportunidades para todos y todas; me siento profundamente agradecida por recibir este apoyo econ\u00f3mico pues s\u00e9 que, detr\u00e1s de cada beca otorgada, hay historias de perseverancia, sacrificio y determinaci\u00f3n\u201d.<\/p>\n<p>\u201cEste apoyo no solo alivia la carga financiera, sino que tambi\u00e9n nos impulsa a seguir adelante con nuestros sue\u00f1os y aspiraciones acad\u00e9micas y profesionales; gracias a todos quienes hicieron posible este apoyo, por unir sus esfuerzos en una misma causa y hacerlo con una misma intenci\u00f3n para servir como impulso y motivaci\u00f3n a toda la comunidad universitaria\u201d, concluy\u00f3.<\/p>\n<p>&nbsp;<\/p>\n","protected":false},"excerpt":{"rendered":"<p>*Este proyecto de recaudaci\u00f3n de fondos fue premiado hace d\u00edas por el Consejo para el Avance y Apoyo de la Educaci\u00f3n (CASE, por sus siglas en ingl\u00e9s), en sus dos modalidades: beca alimentaria y la beca econ\u00f3mica. Gracias a las aportaciones voluntarias de la comunidad Universitaria y la sociedad en general, este lunes Christian Jorge&#8230;<\/p>\n","protected":false},"author":2,"featured_media":30254,"comment_status":"open","ping_status":"open","sticky":false,"template":"","format":"standard","meta":{"footnotes":""},"categories":[14],"tags":[29,30,28],"class_list":["post-30253","post","type-post","status-publish","format-standard","has-post-thumbnail","hentry","category-educacion-y-cultura","tag-grid","tag-news","tag-slider"],"_links":{"self":[{"href":"http:\/\/elobservatorio.com.mx\/index.php?rest_route=\/wp\/v2\/posts\/30253"}],"collection":[{"href":"http:\/\/elobservatorio.com.mx\/index.php?rest_route=\/wp\/v2\/posts"}],"about":[{"href":"http:\/\/elobservatorio.com.mx\/index.php?rest_route=\/wp\/v2\/types\/post"}],"author":[{"embeddable":true,"href":"http:\/\/elobservatorio.com.mx\/index.php?rest_route=\/wp\/v2\/users\/2"}],"replies":[{"embeddable":true,"href":"http:\/\/elobservatorio.com.mx\/index.php?rest_route=%2Fwp%2Fv2%2Fcomments&post=30253"}],"version-history":[{"count":1,"href":"http:\/\/elobservatorio.com.mx\/index.php?rest_route=\/wp\/v2\/posts\/30253\/revisions"}],"predecessor-version":[{"id":30255,"href":"http:\/\/elobservatorio.com.mx\/index.php?rest_route=\/wp\/v2\/posts\/30253\/revisions\/30255"}],"wp:featuredmedia":[{"embeddable":true,"href":"http:\/\/elobservatorio.com.mx\/index.php?rest_route=\/wp\/v2\/media\/30254"}],"wp:attachment":[{"href":"http:\/\/elobservatorio.com.mx\/index.php?rest_route=%2Fwp%2Fv2%2Fmedia&parent=30253"}],"wp:term":[{"taxonomy":"category","embeddable":true,"href":"http:\/\/elobservatorio.com.mx\/index.php?rest_route=%2Fwp%2Fv2%2Fcategories&post=30253"},{"taxonomy":"post_tag","embeddable":true,"href":"http:\/\/elobservatorio.com.mx\/index.php?rest_route=%2Fwp%2Fv2%2Ftags&post=30253"}],"curies":[{"name":"wp","href":"https:\/\/api.w.org\/{rel}","templated":true}]}}