{"id":30266,"date":"2024-05-14T18:00:29","date_gmt":"2024-05-15T00:00:29","guid":{"rendered":"https:\/\/elobservatorio.com.mx\/?p=30266"},"modified":"2024-05-14T18:00:29","modified_gmt":"2024-05-15T00:00:29","slug":"recibe-nazario-respaldo-vecinal-de-las-colonias-real-del-valle-y-cofradia-de-juarez-en-tecoman","status":"publish","type":"post","link":"http:\/\/elobservatorio.com.mx\/?p=30266","title":{"rendered":"Recibe Nazario respaldo vecinal de las colonias Real del Valle y Cofrad\u00eda de Ju\u00e1rez en Tecom\u00e1n"},"content":{"rendered":"<ul>\n<li>Comparti\u00f3 algunas de sus propuestas y reafirm\u00f3 su compromiso en recuperar a M\u00e9xico.<\/li>\n<\/ul>\n<p>Tecom\u00e1n, Colima; a 14 de mayo del 2024.- Mantener un di\u00e1logo y cercan\u00eda con los ciudadanos es de vital importancia, dijo el candidato a la diputaci\u00f3n federal por el segundo distrito electoral por la Coalici\u00f3n \u201cFuerza y Coraz\u00f3n Por M\u00e9xico\u201d, Nazario Rodr\u00edguez; el abanderado de la Alianza PRI-PAN-PRD, visit\u00f3 las colonias Real del Valle y Cofrad\u00eda de Ju\u00e1rez en Tecom\u00e1n en busca del respaldo de las familias para que salgan a participar en este ejercicio democr\u00e1tico el pr\u00f3ximo dos de junio.<\/p>\n<p>En una reuni\u00f3n informativa, acompa\u00f1ado de la candidata a diputada local, por el distrito 10, Paloma Pinto, as\u00ed como del candidato a la presidencia municipal, Oscar Avalos, el candidato escuch\u00f3 las necesidades de los colonos, adem\u00e1s el respaldo y apoyo total a la f\u00f3rmula ganadora de la Coalici\u00f3n, \u201cFuerza y Coraz\u00f3n Por Tecom\u00e1n\u201d.<\/p>\n<p>Nazario Rodr\u00edguez, comparti\u00f3 algunas de sus propuestas que tiene a favor del campo, la educaci\u00f3n, la salud, el agua, los programas sociales para los grupos vulnerables; y reafirm\u00f3 su misi\u00f3n de representar desde la c\u00e1mara de diputados, defender y promover siempre los intereses y derechos de los colimenses.<\/p>\n","protected":false},"excerpt":{"rendered":"<p>Comparti\u00f3 algunas de sus propuestas y reafirm\u00f3 su compromiso en recuperar a M\u00e9xico. Tecom\u00e1n, Colima; a 14 de mayo del 2024.- Mantener un di\u00e1logo y cercan\u00eda con los ciudadanos es de vital importancia, dijo el candidato a la diputaci\u00f3n federal por el segundo distrito electoral por la Coalici\u00f3n \u201cFuerza y Coraz\u00f3n Por M\u00e9xico\u201d, Nazario Rodr\u00edguez;&#8230;<\/p>\n","protected":false},"author":2,"featured_media":30267,"comment_status":"open","ping_status":"open","sticky":false,"template":"","format":"standard","meta":{"footnotes":""},"categories":[61,10],"tags":[29,30,28],"class_list":["post-30266","post","type-post","status-publish","format-standard","has-post-thumbnail","hentry","category-elecciones-2024","category-politica","tag-grid","tag-news","tag-slider"],"_links":{"self":[{"href":"http:\/\/elobservatorio.com.mx\/index.php?rest_route=\/wp\/v2\/posts\/30266"}],"collection":[{"href":"http:\/\/elobservatorio.com.mx\/index.php?rest_route=\/wp\/v2\/posts"}],"about":[{"href":"http:\/\/elobservatorio.com.mx\/index.php?rest_route=\/wp\/v2\/types\/post"}],"author":[{"embeddable":true,"href":"http:\/\/elobservatorio.com.mx\/index.php?rest_route=\/wp\/v2\/users\/2"}],"replies":[{"embeddable":true,"href":"http:\/\/elobservatorio.com.mx\/index.php?rest_route=%2Fwp%2Fv2%2Fcomments&post=30266"}],"version-history":[{"count":1,"href":"http:\/\/elobservatorio.com.mx\/index.php?rest_route=\/wp\/v2\/posts\/30266\/revisions"}],"predecessor-version":[{"id":30268,"href":"http:\/\/elobservatorio.com.mx\/index.php?rest_route=\/wp\/v2\/posts\/30266\/revisions\/30268"}],"wp:featuredmedia":[{"embeddable":true,"href":"http:\/\/elobservatorio.com.mx\/index.php?rest_route=\/wp\/v2\/media\/30267"}],"wp:attachment":[{"href":"http:\/\/elobservatorio.com.mx\/index.php?rest_route=%2Fwp%2Fv2%2Fmedia&parent=30266"}],"wp:term":[{"taxonomy":"category","embeddable":true,"href":"http:\/\/elobservatorio.com.mx\/index.php?rest_route=%2Fwp%2Fv2%2Fcategories&post=30266"},{"taxonomy":"post_tag","embeddable":true,"href":"http:\/\/elobservatorio.com.mx\/index.php?rest_route=%2Fwp%2Fv2%2Ftags&post=30266"}],"curies":[{"name":"wp","href":"https:\/\/api.w.org\/{rel}","templated":true}]}}