{"id":30272,"date":"2024-05-14T18:45:06","date_gmt":"2024-05-15T00:45:06","guid":{"rendered":"https:\/\/elobservatorio.com.mx\/?p=30272"},"modified":"2024-05-14T18:45:06","modified_gmt":"2024-05-15T00:45:06","slug":"personal-de-la-direccion-de-pc-y-bomberos-de-manzanillo-se-encuentra-en-alerta-ante-el-inicio-de-la-temporada-de-huracanes","status":"publish","type":"post","link":"http:\/\/elobservatorio.com.mx\/?p=30272","title":{"rendered":"Personal de la Direcci\u00f3n de PC y Bomberos de Manzanillo se encuentra en alerta ante el inicio de la temporada de huracanes"},"content":{"rendered":"<p>\u201cSiempre preparado y alerta\u201d se encuentra el personal de la Direcci\u00f3n de Protecci\u00f3n Civil y Bomberos de Manzanillo, para atender situaciones de riesgo, destac\u00f3 el director de la corporaci\u00f3n quien se\u00f1al\u00f3 que ante la informaci\u00f3n que les hizo llegar la Comisi\u00f3n Nacional del Agua sobre la temporada de huracanes -que este mi\u00e9rcoles 15 de mayo inicia en el Oc\u00e9ano Pac\u00edfico y el 01 de junio en el Oc\u00e9ano Atl\u00e1ntico-, se tiene preparado un completo operativo para atender y salvaguardar la vida de las personas en el municipio.<\/p>\n<p>La estrategia inicia con la prevenci\u00f3n por lo que se invita a la poblaci\u00f3n a realizar su plan familiar de protecci\u00f3n civil, tener a la mano su mochila de emergencia y mantenerse informado por medios oficiales, sobre las recomendaciones de seguridad que emitan las autoridades y cuerpos de emergencia.<\/p>\n<p>Esta temporada se pronostican de 15 a 18 sistemas con nombre en el oc\u00e9ano Pac\u00edfico, de los cuales entre 8 y 9 ser\u00edan tormentas tropicales, de 4 a 5 huracanes categor\u00edas entre 1- 2, y de 3 a 4 huracanes de nivel de intensidad entre 3 y 5; sin embargo, es importante precisar que no todos estos fen\u00f3menos impactar\u00e1n en territorio nacional.<\/p>\n<p>Los nombres que llevar\u00e1n los huracanes en el Pac\u00edfico este a\u00f1o, son: Aletta, Bud, Carlotta, Daniel, Emilia, Fabio, Gilma, H\u00e9ctor, Ileana, John, Kristy, Lane, Miriam, Norman, Olivia, Paul, Rosa, Sergio, Tara, Vicente, Willa, Xavier, Yolanda y Zeke.<\/p>\n","protected":false},"excerpt":{"rendered":"<p>\u201cSiempre preparado y alerta\u201d se encuentra el personal de la Direcci\u00f3n de Protecci\u00f3n Civil y Bomberos de Manzanillo, para atender situaciones de riesgo, destac\u00f3 el director de la corporaci\u00f3n quien se\u00f1al\u00f3 que ante la informaci\u00f3n que les hizo llegar la Comisi\u00f3n Nacional del Agua sobre la temporada de huracanes -que este mi\u00e9rcoles 15 de mayo&#8230;<\/p>\n","protected":false},"author":2,"featured_media":30273,"comment_status":"open","ping_status":"open","sticky":false,"template":"","format":"standard","meta":{"footnotes":""},"categories":[35,8],"tags":[29,30,28],"class_list":["post-30272","post","type-post","status-publish","format-standard","has-post-thumbnail","hentry","category-manzanillo","category-municipios","tag-grid","tag-news","tag-slider"],"_links":{"self":[{"href":"http:\/\/elobservatorio.com.mx\/index.php?rest_route=\/wp\/v2\/posts\/30272"}],"collection":[{"href":"http:\/\/elobservatorio.com.mx\/index.php?rest_route=\/wp\/v2\/posts"}],"about":[{"href":"http:\/\/elobservatorio.com.mx\/index.php?rest_route=\/wp\/v2\/types\/post"}],"author":[{"embeddable":true,"href":"http:\/\/elobservatorio.com.mx\/index.php?rest_route=\/wp\/v2\/users\/2"}],"replies":[{"embeddable":true,"href":"http:\/\/elobservatorio.com.mx\/index.php?rest_route=%2Fwp%2Fv2%2Fcomments&post=30272"}],"version-history":[{"count":1,"href":"http:\/\/elobservatorio.com.mx\/index.php?rest_route=\/wp\/v2\/posts\/30272\/revisions"}],"predecessor-version":[{"id":30274,"href":"http:\/\/elobservatorio.com.mx\/index.php?rest_route=\/wp\/v2\/posts\/30272\/revisions\/30274"}],"wp:featuredmedia":[{"embeddable":true,"href":"http:\/\/elobservatorio.com.mx\/index.php?rest_route=\/wp\/v2\/media\/30273"}],"wp:attachment":[{"href":"http:\/\/elobservatorio.com.mx\/index.php?rest_route=%2Fwp%2Fv2%2Fmedia&parent=30272"}],"wp:term":[{"taxonomy":"category","embeddable":true,"href":"http:\/\/elobservatorio.com.mx\/index.php?rest_route=%2Fwp%2Fv2%2Fcategories&post=30272"},{"taxonomy":"post_tag","embeddable":true,"href":"http:\/\/elobservatorio.com.mx\/index.php?rest_route=%2Fwp%2Fv2%2Ftags&post=30272"}],"curies":[{"name":"wp","href":"https:\/\/api.w.org\/{rel}","templated":true}]}}