{"id":30281,"date":"2024-05-14T19:24:18","date_gmt":"2024-05-15T01:24:18","guid":{"rendered":"https:\/\/elobservatorio.com.mx\/?p=30281"},"modified":"2024-05-14T19:24:18","modified_gmt":"2024-05-15T01:24:18","slug":"este-jueves-inicia-el-11vo-festival-ternium-de-cine-latinoamericano-en-colima","status":"publish","type":"post","link":"http:\/\/elobservatorio.com.mx\/?p=30281","title":{"rendered":"Este jueves inicia el 11vo Festival Ternium de Cine Latinoamericano en Colima"},"content":{"rendered":"<p><em>*Es importante este festival en el pa\u00eds \u201cporque permite conocer pel\u00edculas que de otra manera es casi imposible ver y sobre todo en pantalla grande\u201d: Dra. Lucila Guti\u00e9rrez.<\/em><\/p>\n<p>Del 16 al 19 de mayo se realizar\u00e1 el 11vo. Festival Ternium de Cine Latinoamericano en cuatro sedes: Teatro Hidalgo, Foro Pablo Silva Garc\u00eda de la UdeC, y en los jardines principales de Cuauht\u00e9moc y Villa Izcalli.<\/p>\n<p>En esta edici\u00f3n, el festival cuenta con el patrocinio de la Universidad de Colima, junto con otras instituciones y fundaciones del pa\u00eds. Como invitadas especiales estar\u00e1n la actriz Patricia Bernal, la productora Araceli Vel\u00e1zquez y la directora Claudia San Luz.<\/p>\n<p>Esto lo dieron a conocer en rueda de prensa la Dra. Lucila Guti\u00e9rrez Santana, creadora del cine club universitario de la Universidad de Colima; Ner\u00ed Almanza, jefe de Relaciones con la Comunidad de Ternium; Dami\u00e1n Cano, director art\u00edstico del Festival Ternium y Jos\u00e9 Emiliano Zizumbo, subsecretario de Cultura de Colima.<\/p>\n<p>Ner\u00ed Almanza coment\u00f3 que este a\u00f1o se proyectar\u00e1n 10 pel\u00edculas en el festival provenientes de 4 pa\u00edses: M\u00e9xico, Argentina, Chile y Uruguay, \u201ccon esta onceava edici\u00f3n, han sido m\u00e1s de 26 los pa\u00edses asistentes durante los primeros 10 a\u00f1os en el Estado de Colima. Este festival ya es una tradici\u00f3n de Colima, la respuesta del p\u00fablico ha sido bastante buena y nos enorgullece tener este acercamiento con la comunidad\u201d.<\/p>\n<p>Por su parte, Lucila Guti\u00e9rrez coment\u00f3 que es importante este festival en el pa\u00eds \u201cporque permite conocer pel\u00edculas que de otra manera es casi imposible ver y sobre todo en pantalla grande. El cine nos permite conocer otros lugares, otras tem\u00e1ticas, otras formas de ver la vida, otra cultura, y aqu\u00ed nos acercan a la cultura latinoamericana\u201d.<\/p>\n<p>En su turno, Dami\u00e1n Cano habl\u00f3 del programa del festival. Dijo que el primer d\u00eda, jueves 16, en el Foro Pablo Silva se proyectar\u00e1 la pel\u00edcula mexicana: \u201cTodos los incendios\u201d, a las 18:00 horas, y el Teatro Hidalgo la pel\u00edcula mexicana: \u201cAmores incompletos\u201d, a las 20:00 horas.<\/p>\n<p>\u201cEsta \u00faltima pel\u00edcula ser\u00e1 la funci\u00f3n de inauguraci\u00f3n formal, donde estar\u00e1 presente la actriz Patricia Bernal, para al finalizar la pel\u00edcula dialogar con el p\u00fablico presente. Para nosotros es muy importante el di\u00e1logo en el festival; tenemos esta actividad cada vez que se termina una pel\u00edcula, ya sea con invitado o con alguien del equipo. Una pel\u00edcula se cierra cuando se puede dialogar acerca de ella\u201d.<\/p>\n<p>El viernes 17, en el Foro Pablo Silva, a las 18:00 horas se proyectar\u00e1 de nuevo la pel\u00edcula mexicana: \u201cAmores Incompletos\u201d, donde tambi\u00e9n estar\u00e1 Patricia Bernal; y en el Teatro Hidalgo, a las 20:00 horas, la pel\u00edcula uruguaya \u201cTemas propios\u201d.<\/p>\n<p>El s\u00e1bado 18 de mayo, en el Teatro Hidalgo, a las 16:00 horas, se podr\u00e1 ver la pel\u00edcula argentina: \u201cBlondi\u201d, a las 18:00 horas, all\u00ed mismo, la pel\u00edcula: \u201cTodos los Incendios\u201d, y a las 20:00 horas la cinta chilena \u201cEl castigo\u201d. Y en el jard\u00edn principal de Cuauht\u00e9moc, a las 19:00 horas, se proyectar\u00e1 la pel\u00edcula mexicana \u201cLa liga de los 5\u201d.<\/p>\n<p>Y el domingo en el Teatro Hidalgo, a las 16:00 horas se podr\u00e1 ver la pel\u00edcula argentina \u201cPuan\u201d, a las 18:00 horas la pel\u00edcula mexicana \u201cEl reino de Dios\u201d, y a las 20:00 horas la pel\u00edcula argentina \u201cAlmamula\u201d. En el jard\u00edn principal de Villa Izcalli, a las 19:00 horas, se proyectar\u00e1 la cinta mexicana \u201cLa leyenda de charro negro\u201d.<\/p>\n<p>Todas las funciones son gratis. Se recomienda a las personas llegar un poco antes de la funci\u00f3n y formarse en la fila para reciban su boleto.<\/p>\n<p>Por \u00faltimo, Emiliano Zizumbo felicit\u00f3 a la fundaci\u00f3n PROA y a la empresa Ternium \u201cpor estos 11 a\u00f1os de proyectar y enaltecer el cine latinoamericano, y deleitarnos con historias y contenidos memorables, que seguramente han marcado a muchos de nosotros los espectadores\u201d.<\/p>\n<p>Destac\u00f3 que este festival es una plataforma importante para el cine producido en Am\u00e9rica latina, \u201cpara que llegue a los rincones de nuestro continente y se difundan aspectos sociales, hist\u00f3ricos y culturales de nuestra regi\u00f3n, aspectos que nos une muchas veces con pueblos hermanos\u201d.<\/p>\n<p>Agreg\u00f3 que le satisface formar una alianza desde el Gobierno del Estado de Colima con Ternium, \u201cy ahora con la suma de la Universidad de Colima, porque este tipo de alianzas nos permite seguir avanzando en la democratizaci\u00f3n de los espacios p\u00fablicos\u201d.<\/p>\n<p>Consulte el programa en: www.festivalterniumdecine.com.mx<\/p>\n<p>&nbsp;<\/p>\n<p>&nbsp;<\/p>\n","protected":false},"excerpt":{"rendered":"<p>*Es importante este festival en el pa\u00eds \u201cporque permite conocer pel\u00edculas que de otra manera es casi imposible ver y sobre todo en pantalla grande\u201d: Dra. Lucila Guti\u00e9rrez. Del 16 al 19 de mayo se realizar\u00e1 el 11vo. Festival Ternium de Cine Latinoamericano en cuatro sedes: Teatro Hidalgo, Foro Pablo Silva Garc\u00eda de la UdeC,&#8230;<\/p>\n","protected":false},"author":2,"featured_media":30282,"comment_status":"open","ping_status":"open","sticky":false,"template":"","format":"standard","meta":{"footnotes":""},"categories":[14],"tags":[29,30,28],"class_list":["post-30281","post","type-post","status-publish","format-standard","has-post-thumbnail","hentry","category-educacion-y-cultura","tag-grid","tag-news","tag-slider"],"_links":{"self":[{"href":"http:\/\/elobservatorio.com.mx\/index.php?rest_route=\/wp\/v2\/posts\/30281"}],"collection":[{"href":"http:\/\/elobservatorio.com.mx\/index.php?rest_route=\/wp\/v2\/posts"}],"about":[{"href":"http:\/\/elobservatorio.com.mx\/index.php?rest_route=\/wp\/v2\/types\/post"}],"author":[{"embeddable":true,"href":"http:\/\/elobservatorio.com.mx\/index.php?rest_route=\/wp\/v2\/users\/2"}],"replies":[{"embeddable":true,"href":"http:\/\/elobservatorio.com.mx\/index.php?rest_route=%2Fwp%2Fv2%2Fcomments&post=30281"}],"version-history":[{"count":1,"href":"http:\/\/elobservatorio.com.mx\/index.php?rest_route=\/wp\/v2\/posts\/30281\/revisions"}],"predecessor-version":[{"id":30283,"href":"http:\/\/elobservatorio.com.mx\/index.php?rest_route=\/wp\/v2\/posts\/30281\/revisions\/30283"}],"wp:featuredmedia":[{"embeddable":true,"href":"http:\/\/elobservatorio.com.mx\/index.php?rest_route=\/wp\/v2\/media\/30282"}],"wp:attachment":[{"href":"http:\/\/elobservatorio.com.mx\/index.php?rest_route=%2Fwp%2Fv2%2Fmedia&parent=30281"}],"wp:term":[{"taxonomy":"category","embeddable":true,"href":"http:\/\/elobservatorio.com.mx\/index.php?rest_route=%2Fwp%2Fv2%2Fcategories&post=30281"},{"taxonomy":"post_tag","embeddable":true,"href":"http:\/\/elobservatorio.com.mx\/index.php?rest_route=%2Fwp%2Fv2%2Ftags&post=30281"}],"curies":[{"name":"wp","href":"https:\/\/api.w.org\/{rel}","templated":true}]}}