{"id":30297,"date":"2024-05-14T20:52:25","date_gmt":"2024-05-15T02:52:25","guid":{"rendered":"https:\/\/elobservatorio.com.mx\/?p=30297"},"modified":"2024-05-14T20:52:43","modified_gmt":"2024-05-15T02:52:43","slug":"tendra-tinajas-mejor-transporte-publico-riult-rivera","status":"publish","type":"post","link":"http:\/\/elobservatorio.com.mx\/?p=30297","title":{"rendered":"Tendr\u00e1 Tinajas mejor transporte p\u00fablico: Riult Rivera"},"content":{"rendered":"<ul>\n<li>Que las personas puedan desplazarse libremente de un lugar a otro, dijo el candidato<\/li>\n<\/ul>\n<p>El candidato a la Presidencia municipal de Colima por la alianza Fuerza y Coraz\u00f3n por Colima, Riult Rivera Guti\u00e9rrez, lament\u00f3 que el servicio de transporte p\u00fablico en la comunidad de Tinajas no ha mejorado en lo absoluto a pesar de los m\u00faltiples reclamos de los habitantes de la localidad, por lo que, se comprometi\u00f3 a gestionar y mejorar este servicio una vez alcanc\u00e9 la Presidencia.<\/p>\n<p>En su visita a las comunidades de la zona rural del municipio, Riult Rivera se comprometi\u00f3 con los vecinos del lugar para que, una vez iniciado su Gobierno, realizar\u00e1 las gestiones necesarias para que se den soluci\u00f3n a estos problemas de movilidad que afecta a la localidad, \u201cse requiere de la voluntad de las autoridades para que se logren destrabar estos temas, como muchos que tienen las comunidades, y tenemos que hacerlo desde nuestras trincheras\u201d, resalt\u00f3.<\/p>\n<p>Agreg\u00f3, que ya se ten\u00eda conocimiento de que los habitantes de Tinajas han estado batallando por muchos a\u00f1os con este tema del transporte, sin embargo, hasta el momento pareciera que no hay voluntad por resolverlo, por lo que, el compromiso que se hizo este d\u00eda, es en cuanto llegue a la Presidencia, se atienda este tema que los afecta, se solucione y las personas puedan desplazarse libremente de un lugar a otro.<\/p>\n<p>Finalmente, el abanderado de la alianza Fuerza y Coraz\u00f3n por Colima, Riult Rivera, dijo que para hacerlo realidad en Tinajas y el resto de las comunidades es necesario trabajar unidos, por ello, invit\u00f3 a votar por los candidatos de la alianza para para la Presidencia de M\u00e9xico, X\u00f3chitl G\u00e1lvez; Senadores y Diputaciones federales, Mely Romero y Germ\u00e1n S\u00e1nchez y Crisp\u00edn Guerra, respectivamente, as\u00ed como, a diputado local por el distrito 3, Marta Silva Mart\u00ednez este pr\u00f3ximo 2 de junio.<\/p>\n","protected":false},"excerpt":{"rendered":"<p>Que las personas puedan desplazarse libremente de un lugar a otro, dijo el candidato El candidato a la Presidencia municipal de Colima por la alianza Fuerza y Coraz\u00f3n por Colima, Riult Rivera Guti\u00e9rrez, lament\u00f3 que el servicio de transporte p\u00fablico en la comunidad de Tinajas no ha mejorado en lo absoluto a pesar de los&#8230;<\/p>\n","protected":false},"author":2,"featured_media":30298,"comment_status":"open","ping_status":"open","sticky":false,"template":"","format":"standard","meta":{"footnotes":""},"categories":[61,10],"tags":[29,30,28],"class_list":["post-30297","post","type-post","status-publish","format-standard","has-post-thumbnail","hentry","category-elecciones-2024","category-politica","tag-grid","tag-news","tag-slider"],"_links":{"self":[{"href":"http:\/\/elobservatorio.com.mx\/index.php?rest_route=\/wp\/v2\/posts\/30297"}],"collection":[{"href":"http:\/\/elobservatorio.com.mx\/index.php?rest_route=\/wp\/v2\/posts"}],"about":[{"href":"http:\/\/elobservatorio.com.mx\/index.php?rest_route=\/wp\/v2\/types\/post"}],"author":[{"embeddable":true,"href":"http:\/\/elobservatorio.com.mx\/index.php?rest_route=\/wp\/v2\/users\/2"}],"replies":[{"embeddable":true,"href":"http:\/\/elobservatorio.com.mx\/index.php?rest_route=%2Fwp%2Fv2%2Fcomments&post=30297"}],"version-history":[{"count":1,"href":"http:\/\/elobservatorio.com.mx\/index.php?rest_route=\/wp\/v2\/posts\/30297\/revisions"}],"predecessor-version":[{"id":30299,"href":"http:\/\/elobservatorio.com.mx\/index.php?rest_route=\/wp\/v2\/posts\/30297\/revisions\/30299"}],"wp:featuredmedia":[{"embeddable":true,"href":"http:\/\/elobservatorio.com.mx\/index.php?rest_route=\/wp\/v2\/media\/30298"}],"wp:attachment":[{"href":"http:\/\/elobservatorio.com.mx\/index.php?rest_route=%2Fwp%2Fv2%2Fmedia&parent=30297"}],"wp:term":[{"taxonomy":"category","embeddable":true,"href":"http:\/\/elobservatorio.com.mx\/index.php?rest_route=%2Fwp%2Fv2%2Fcategories&post=30297"},{"taxonomy":"post_tag","embeddable":true,"href":"http:\/\/elobservatorio.com.mx\/index.php?rest_route=%2Fwp%2Fv2%2Ftags&post=30297"}],"curies":[{"name":"wp","href":"https:\/\/api.w.org\/{rel}","templated":true}]}}