{"id":30300,"date":"2024-05-14T21:37:01","date_gmt":"2024-05-15T03:37:01","guid":{"rendered":"https:\/\/elobservatorio.com.mx\/?p=30300"},"modified":"2024-05-14T21:38:04","modified_gmt":"2024-05-15T03:38:04","slug":"por-mentirle-a-la-autoridad-para-acreeditar-residencia-quitan-candidatura-pluri-a-delegado-de-mc","status":"publish","type":"post","link":"http:\/\/elobservatorio.com.mx\/?p=30300","title":{"rendered":"Por mentirle a la autoridad para acreditar residencia, quitan candidatura \u00abpluri\u00bb a delegado de MC"},"content":{"rendered":"<p><em>*MC deber\u00e1 sustituir por otro candidato en la segunda posici\u00f3n de la lista de diputados locales por representaci\u00f3n personal en un plazo de 24 horas<\/em><\/p>\n<p>Mediante sesi\u00f3n de esta tarde, el Tribunal Electoral del Estado retir\u00f3 la candidatura\u00a0 a diputado local plurinominal del delegado de Movimiento Ciudadano\u00a0 en Colima, Benjam\u00edn Alamillo, quein iba en la segunda posicisi\u00f3n de la lista de representaci\u00f3n proporcional.<\/p>\n<p>Lo anterior derivado a que el TEE encontr\u00f3 inconsistencias y falsedad ante la autoridad para conseguir la constancia de residencia, por lo que se declar\u00f3 inelegible por no acreditar antiguedad de cinco a\u00f1os de residencia que se requiere para obtener dicha candidatura a diputado local.<\/p>\n<p>Y derivado a ello, el TEE revoc\u00f3 dicha candidatura plurinominal adem\u00e1s de admitir\u00a0 tres recursos de apelaci\u00f3n presentados por MORENA , Acci\u00f3n Nacional y el Revolucionario Instituacional, que impugnaron por separado el registro de la lista de candidatas y candidatos a la diputaciones plurinominales de dicho partido pol\u00edtico.<\/p>\n<p>Adem\u00e1s se prob\u00f3 que su domicilio registrado en su credencial de elector ubicado en la Avenida V. Carranza en Colima es el de una tienda de persianas donde no vive \u00e9l y adem\u00e1s no es casa habitaci\u00f3n, por lo que de acuerdo a las pruebas analizadas por el TEE, se comprob\u00f3 que el delegado estatal emecista minti\u00f3 en dos ocasiones al intentar acreditar su residencia de\u00a0 cinco a\u00f1os en Colima con una constancia de residencia emitida por ayuntamiento de Minatitl\u00e1n<\/p>\n<p>Por lo que se determin\u00f3 que no cumple con el requisito de elegibilidad al respecto de la residencia.<\/p>\n<p>MC deber\u00e1 sustituir por otro candidato en la segunda posici\u00f3n de la lista de diputados locales por representaci\u00f3n personal en un plazo de 24 horas<\/p>\n","protected":false},"excerpt":{"rendered":"<p>*MC deber\u00e1 sustituir por otro candidato en la segunda posici\u00f3n de la lista de diputados locales por representaci\u00f3n personal en un plazo de 24 horas Mediante sesi\u00f3n de esta tarde, el Tribunal Electoral del Estado retir\u00f3 la candidatura\u00a0 a diputado local plurinominal del delegado de Movimiento Ciudadano\u00a0 en Colima, Benjam\u00edn Alamillo, quein iba en la&#8230;<\/p>\n","protected":false},"author":2,"featured_media":30301,"comment_status":"open","ping_status":"open","sticky":false,"template":"","format":"standard","meta":{"footnotes":""},"categories":[61,10],"tags":[29,30,28],"class_list":["post-30300","post","type-post","status-publish","format-standard","has-post-thumbnail","hentry","category-elecciones-2024","category-politica","tag-grid","tag-news","tag-slider"],"_links":{"self":[{"href":"http:\/\/elobservatorio.com.mx\/index.php?rest_route=\/wp\/v2\/posts\/30300"}],"collection":[{"href":"http:\/\/elobservatorio.com.mx\/index.php?rest_route=\/wp\/v2\/posts"}],"about":[{"href":"http:\/\/elobservatorio.com.mx\/index.php?rest_route=\/wp\/v2\/types\/post"}],"author":[{"embeddable":true,"href":"http:\/\/elobservatorio.com.mx\/index.php?rest_route=\/wp\/v2\/users\/2"}],"replies":[{"embeddable":true,"href":"http:\/\/elobservatorio.com.mx\/index.php?rest_route=%2Fwp%2Fv2%2Fcomments&post=30300"}],"version-history":[{"count":3,"href":"http:\/\/elobservatorio.com.mx\/index.php?rest_route=\/wp\/v2\/posts\/30300\/revisions"}],"predecessor-version":[{"id":30304,"href":"http:\/\/elobservatorio.com.mx\/index.php?rest_route=\/wp\/v2\/posts\/30300\/revisions\/30304"}],"wp:featuredmedia":[{"embeddable":true,"href":"http:\/\/elobservatorio.com.mx\/index.php?rest_route=\/wp\/v2\/media\/30301"}],"wp:attachment":[{"href":"http:\/\/elobservatorio.com.mx\/index.php?rest_route=%2Fwp%2Fv2%2Fmedia&parent=30300"}],"wp:term":[{"taxonomy":"category","embeddable":true,"href":"http:\/\/elobservatorio.com.mx\/index.php?rest_route=%2Fwp%2Fv2%2Fcategories&post=30300"},{"taxonomy":"post_tag","embeddable":true,"href":"http:\/\/elobservatorio.com.mx\/index.php?rest_route=%2Fwp%2Fv2%2Ftags&post=30300"}],"curies":[{"name":"wp","href":"https:\/\/api.w.org\/{rel}","templated":true}]}}