{"id":30326,"date":"2024-05-16T13:20:04","date_gmt":"2024-05-16T19:20:04","guid":{"rendered":"https:\/\/elobservatorio.com.mx\/?p=30326"},"modified":"2024-05-16T13:20:04","modified_gmt":"2024-05-16T19:20:04","slug":"oscar-avalos-diez-compromisos-radicales-para-rescatar-tecoman","status":"publish","type":"post","link":"http:\/\/elobservatorio.com.mx\/?p=30326","title":{"rendered":"\u00d3scar Avalos, Diez Compromisos radicales para rescatar Tecom\u00e1n"},"content":{"rendered":"<p><em>*Tecom\u00e1n no puede esperar un minuto m\u00e1s, no est\u00e1 para improvisaciones<\/em><br \/>\n<em>*S\u00e9 c\u00f3mo hacer las cosas porque ya lo he demostrado en los hechos.<\/em><\/p>\n<p>Con una determinaci\u00f3n sin precedente en el proceso electoral de Tecom\u00e1n, el candidato de \u00abFuerza y Coraz\u00f3n\u00bb PRI-PAN a la alcald\u00eda de Tecom\u00e1n, \u00d3scar Avalos Verdugo, ha delineado su visi\u00f3n de rescate para el municipio con diez compromisos clave que prometen cambiar el rumbo a partir de su administraci\u00f3n que iniciar\u00e1 el 15 de octubre.<\/p>\n<p>Avalos Verdugo, respaldado por una s\u00f3lida plataforma pol\u00edtica en el cabildo y el apoyo incondicional de X\u00f3chitl G\u00e1lvez en la presidencia de la rep\u00fablica mexicana, ha articulado un plan de acci\u00f3n ambicioso que aborda las principales problem\u00e1ticas que aquejan a Tecom\u00e1n.<\/p>\n<p>Avalos Verdugo se compromete a restaurar la seguridad, impulsar la econom\u00eda y brindar servicios de excelencia, mientras promueve el desarrollo juvenil y el empoderamiento de las madres jefas de familia con una tarjeta innovadora respaldada por G\u00e1lvez. Adem\u00e1s, propone un ambicioso plan de rehabilitaci\u00f3n de espacios educativos y atenci\u00f3n m\u00e9dica, as\u00ed como programas de apoyo para las madres trabajadoras y grupos vulnerables, todo con el objetivo de rescatar a Tecom\u00e1n de la realidad que hoy se vive.<\/p>\n<p>Entre los compromisos m\u00e1s destacados, Avalos Verdugo dijo que se va a recuperar la armon\u00eda y la paz en colonias y comunidades, impulsando programas de prevenci\u00f3n del delito y aumentando las estaciones de seguridad de polic\u00eda.<\/p>\n<p>Asimismo, el candidato ha enfatizado la importancia del desarrollo econ\u00f3mico y la creaci\u00f3n de empleo como herramientas primordiales en la lucha contra la pobreza, prometiendo apoyo inquebrantable al sector agr\u00edcola, agropecuario, turismo, y la obra p\u00fablica y privada para reactivar la econom\u00eda local.<\/p>\n<p>El compromiso con servicios p\u00fablicos de excelencia tambi\u00e9n ha sido resaltado, con la promesa de mejorar el alumbrado en colonias y comunidades, la recolecci\u00f3n de basura, el suministro de agua potable y la implementaci\u00f3n de un sistema de atenci\u00f3n en 24 horas sin cortes de agua, que adem\u00e1s se\u00f1al\u00f3 como ilegales y no humanitarias.<\/p>\n<p>La juventud y las madres jefas de familia tambi\u00e9n han sido puestas en el centro de la agenda de Avalos Verdugo, quien ha anunciado est\u00edmulos sin precedentes para potenciar los talentos juveniles y apoyar econ\u00f3micamente a las mujeres emprendedoras a trav\u00e9s de la tarjeta \u00abmujer emprende\u00bb, con el respaldo directo de X\u00f3chitl G\u00e1lvez.<\/p>\n<p>En cuanto a la educaci\u00f3n y el bienestar social, el candidato se ha comprometido a rehabilitar espacios educativos para ni\u00f1os, j\u00f3venes y adultos mayores, reintroducir los desayunos escolares a trav\u00e9s del DIF municipal y garantizar la atenci\u00f3n m\u00e9dica a trav\u00e9s de consultorios y farmacias itinerantes.<\/p>\n<p>Adem\u00e1s, Avalos Verdugo ha anunciado programas de apoyo a las madres trabajadoras del campo, playa e industria, con la reintroducci\u00f3n de guarder\u00edas y becas para sus hijos, as\u00ed como est\u00edmulos a instituciones sociales que atienden a grupos vulnerables y de rescate social.<\/p>\n<p>El candidato tambi\u00e9n ha hecho hincapi\u00e9 en la protecci\u00f3n de los animales y el acceso a la vivienda para los j\u00f3venes, prometiendo facilitar la adquisici\u00f3n de su primer hogar o terreno para construcci\u00f3n, una medida vital para el futuro desarrollo de la juventud de Tecom\u00e1n.<\/p>\n<p>En sus palabras finales, \u00d3scar Avalos Verdugo ha hecho un llamado a la acci\u00f3n urgente, afirmando que Tecom\u00e1n no puede esperar un minuto m\u00e1s para enfrentar los desaf\u00edos de inseguridad, falta de empleo y atenci\u00f3n a j\u00f3venes y discapacitados. Con una visi\u00f3n clara y experiencia comprobada, el candidato se presenta como la opci\u00f3n m\u00e1s s\u00f3lida y preparada para liderar las acciones que la ciudad necesita desesperadamente<\/p>\n<div id='gallery-1' class='gallery galleryid-30326 gallery-columns-3 gallery-size-large'><figure class='gallery-item'>\n\t\t\t<div class='gallery-icon landscape'>\n\t\t\t\t<a href='http:\/\/elobservatorio.com.mx\/?attachment_id=30327'><img loading=\"lazy\" decoding=\"async\" width=\"640\" height=\"426\" src=\"http:\/\/elobservatorio.com.mx\/wp-content\/uploads\/2024\/05\/oscar-casas-de-usos.jpg\" class=\"attachment-large size-large\" alt=\"\" srcset=\"http:\/\/elobservatorio.com.mx\/wp-content\/uploads\/2024\/05\/oscar-casas-de-usos.jpg 900w, http:\/\/elobservatorio.com.mx\/wp-content\/uploads\/2024\/05\/oscar-casas-de-usos-300x200.jpg 300w, http:\/\/elobservatorio.com.mx\/wp-content\/uploads\/2024\/05\/oscar-casas-de-usos-768x511.jpg 768w, http:\/\/elobservatorio.com.mx\/wp-content\/uploads\/2024\/05\/oscar-casas-de-usos-600x400.jpg 600w, http:\/\/elobservatorio.com.mx\/wp-content\/uploads\/2024\/05\/oscar-casas-de-usos-272x182.jpg 272w\" sizes=\"(max-width: 640px) 100vw, 640px\" \/><\/a>\n\t\t\t<\/div><\/figure><figure class='gallery-item'>\n\t\t\t<div class='gallery-icon landscape'>\n\t\t\t\t<a href='http:\/\/elobservatorio.com.mx\/?attachment_id=30328'><img loading=\"lazy\" decoding=\"async\" width=\"640\" height=\"426\" src=\"http:\/\/elobservatorio.com.mx\/wp-content\/uploads\/2024\/05\/oscar-economico.jpg\" class=\"attachment-large size-large\" alt=\"\" srcset=\"http:\/\/elobservatorio.com.mx\/wp-content\/uploads\/2024\/05\/oscar-economico.jpg 900w, http:\/\/elobservatorio.com.mx\/wp-content\/uploads\/2024\/05\/oscar-economico-300x200.jpg 300w, http:\/\/elobservatorio.com.mx\/wp-content\/uploads\/2024\/05\/oscar-economico-768x511.jpg 768w, http:\/\/elobservatorio.com.mx\/wp-content\/uploads\/2024\/05\/oscar-economico-600x400.jpg 600w, http:\/\/elobservatorio.com.mx\/wp-content\/uploads\/2024\/05\/oscar-economico-272x182.jpg 272w\" sizes=\"(max-width: 640px) 100vw, 640px\" \/><\/a>\n\t\t\t<\/div><\/figure><figure class='gallery-item'>\n\t\t\t<div class='gallery-icon landscape'>\n\t\t\t\t<a href='http:\/\/elobservatorio.com.mx\/?attachment_id=30329'><img loading=\"lazy\" decoding=\"async\" width=\"640\" height=\"426\" src=\"http:\/\/elobservatorio.com.mx\/wp-content\/uploads\/2024\/05\/oscar-estimulos.jpg\" class=\"attachment-large size-large\" alt=\"\" srcset=\"http:\/\/elobservatorio.com.mx\/wp-content\/uploads\/2024\/05\/oscar-estimulos.jpg 900w, http:\/\/elobservatorio.com.mx\/wp-content\/uploads\/2024\/05\/oscar-estimulos-300x200.jpg 300w, http:\/\/elobservatorio.com.mx\/wp-content\/uploads\/2024\/05\/oscar-estimulos-768x511.jpg 768w, http:\/\/elobservatorio.com.mx\/wp-content\/uploads\/2024\/05\/oscar-estimulos-600x400.jpg 600w, http:\/\/elobservatorio.com.mx\/wp-content\/uploads\/2024\/05\/oscar-estimulos-272x182.jpg 272w\" sizes=\"(max-width: 640px) 100vw, 640px\" \/><\/a>\n\t\t\t<\/div><\/figure><figure class='gallery-item'>\n\t\t\t<div class='gallery-icon landscape'>\n\t\t\t\t<a href='http:\/\/elobservatorio.com.mx\/?attachment_id=30330'><img loading=\"lazy\" decoding=\"async\" width=\"640\" height=\"426\" src=\"http:\/\/elobservatorio.com.mx\/wp-content\/uploads\/2024\/05\/oscar-jovenes.jpg\" class=\"attachment-large size-large\" alt=\"\" srcset=\"http:\/\/elobservatorio.com.mx\/wp-content\/uploads\/2024\/05\/oscar-jovenes.jpg 900w, http:\/\/elobservatorio.com.mx\/wp-content\/uploads\/2024\/05\/oscar-jovenes-300x200.jpg 300w, http:\/\/elobservatorio.com.mx\/wp-content\/uploads\/2024\/05\/oscar-jovenes-768x511.jpg 768w, http:\/\/elobservatorio.com.mx\/wp-content\/uploads\/2024\/05\/oscar-jovenes-600x400.jpg 600w, http:\/\/elobservatorio.com.mx\/wp-content\/uploads\/2024\/05\/oscar-jovenes-272x182.jpg 272w\" sizes=\"(max-width: 640px) 100vw, 640px\" \/><\/a>\n\t\t\t<\/div><\/figure><figure class='gallery-item'>\n\t\t\t<div class='gallery-icon landscape'>\n\t\t\t\t<a href='http:\/\/elobservatorio.com.mx\/?attachment_id=30331'><img loading=\"lazy\" decoding=\"async\" width=\"640\" height=\"426\" src=\"http:\/\/elobservatorio.com.mx\/wp-content\/uploads\/2024\/05\/oscar-medicamentos-dif.jpg\" class=\"attachment-large size-large\" alt=\"\" srcset=\"http:\/\/elobservatorio.com.mx\/wp-content\/uploads\/2024\/05\/oscar-medicamentos-dif.jpg 900w, http:\/\/elobservatorio.com.mx\/wp-content\/uploads\/2024\/05\/oscar-medicamentos-dif-300x200.jpg 300w, http:\/\/elobservatorio.com.mx\/wp-content\/uploads\/2024\/05\/oscar-medicamentos-dif-768x511.jpg 768w, http:\/\/elobservatorio.com.mx\/wp-content\/uploads\/2024\/05\/oscar-medicamentos-dif-600x400.jpg 600w, http:\/\/elobservatorio.com.mx\/wp-content\/uploads\/2024\/05\/oscar-medicamentos-dif-272x182.jpg 272w\" sizes=\"(max-width: 640px) 100vw, 640px\" \/><\/a>\n\t\t\t<\/div><\/figure><figure class='gallery-item'>\n\t\t\t<div class='gallery-icon landscape'>\n\t\t\t\t<a href='http:\/\/elobservatorio.com.mx\/?attachment_id=30332'><img loading=\"lazy\" decoding=\"async\" width=\"640\" height=\"427\" src=\"http:\/\/elobservatorio.com.mx\/wp-content\/uploads\/2024\/05\/oscar-paz.jpg\" class=\"attachment-large size-large\" alt=\"\" srcset=\"http:\/\/elobservatorio.com.mx\/wp-content\/uploads\/2024\/05\/oscar-paz.jpg 900w, http:\/\/elobservatorio.com.mx\/wp-content\/uploads\/2024\/05\/oscar-paz-300x200.jpg 300w, http:\/\/elobservatorio.com.mx\/wp-content\/uploads\/2024\/05\/oscar-paz-768x512.jpg 768w, http:\/\/elobservatorio.com.mx\/wp-content\/uploads\/2024\/05\/oscar-paz-600x400.jpg 600w, http:\/\/elobservatorio.com.mx\/wp-content\/uploads\/2024\/05\/oscar-paz-272x182.jpg 272w\" sizes=\"(max-width: 640px) 100vw, 640px\" \/><\/a>\n\t\t\t<\/div><\/figure><figure class='gallery-item'>\n\t\t\t<div class='gallery-icon landscape'>\n\t\t\t\t<a href='http:\/\/elobservatorio.com.mx\/?attachment_id=30333'><img loading=\"lazy\" decoding=\"async\" width=\"640\" height=\"426\" src=\"http:\/\/elobservatorio.com.mx\/wp-content\/uploads\/2024\/05\/oscar-servicios-pu.jpg\" class=\"attachment-large size-large\" alt=\"\" srcset=\"http:\/\/elobservatorio.com.mx\/wp-content\/uploads\/2024\/05\/oscar-servicios-pu.jpg 900w, http:\/\/elobservatorio.com.mx\/wp-content\/uploads\/2024\/05\/oscar-servicios-pu-300x200.jpg 300w, http:\/\/elobservatorio.com.mx\/wp-content\/uploads\/2024\/05\/oscar-servicios-pu-768x511.jpg 768w, http:\/\/elobservatorio.com.mx\/wp-content\/uploads\/2024\/05\/oscar-servicios-pu-600x400.jpg 600w, http:\/\/elobservatorio.com.mx\/wp-content\/uploads\/2024\/05\/oscar-servicios-pu-272x182.jpg 272w\" sizes=\"(max-width: 640px) 100vw, 640px\" \/><\/a>\n\t\t\t<\/div><\/figure><figure class='gallery-item'>\n\t\t\t<div class='gallery-icon landscape'>\n\t\t\t\t<a href='http:\/\/elobservatorio.com.mx\/?attachment_id=30334'><img loading=\"lazy\" decoding=\"async\" width=\"640\" height=\"426\" src=\"http:\/\/elobservatorio.com.mx\/wp-content\/uploads\/2024\/05\/oscar-tarjeta-mujer.jpg\" class=\"attachment-large size-large\" alt=\"\" srcset=\"http:\/\/elobservatorio.com.mx\/wp-content\/uploads\/2024\/05\/oscar-tarjeta-mujer.jpg 900w, http:\/\/elobservatorio.com.mx\/wp-content\/uploads\/2024\/05\/oscar-tarjeta-mujer-300x200.jpg 300w, http:\/\/elobservatorio.com.mx\/wp-content\/uploads\/2024\/05\/oscar-tarjeta-mujer-768x511.jpg 768w, http:\/\/elobservatorio.com.mx\/wp-content\/uploads\/2024\/05\/oscar-tarjeta-mujer-600x400.jpg 600w, http:\/\/elobservatorio.com.mx\/wp-content\/uploads\/2024\/05\/oscar-tarjeta-mujer-272x182.jpg 272w\" sizes=\"(max-width: 640px) 100vw, 640px\" \/><\/a>\n\t\t\t<\/div><\/figure><figure class='gallery-item'>\n\t\t\t<div class='gallery-icon landscape'>\n\t\t\t\t<a href='http:\/\/elobservatorio.com.mx\/?attachment_id=30335'><img loading=\"lazy\" decoding=\"async\" width=\"640\" height=\"426\" src=\"http:\/\/elobservatorio.com.mx\/wp-content\/uploads\/2024\/05\/oscar-vivienda.jpg\" class=\"attachment-large size-large\" alt=\"\" srcset=\"http:\/\/elobservatorio.com.mx\/wp-content\/uploads\/2024\/05\/oscar-vivienda.jpg 900w, http:\/\/elobservatorio.com.mx\/wp-content\/uploads\/2024\/05\/oscar-vivienda-300x200.jpg 300w, http:\/\/elobservatorio.com.mx\/wp-content\/uploads\/2024\/05\/oscar-vivienda-768x511.jpg 768w, http:\/\/elobservatorio.com.mx\/wp-content\/uploads\/2024\/05\/oscar-vivienda-600x400.jpg 600w, http:\/\/elobservatorio.com.mx\/wp-content\/uploads\/2024\/05\/oscar-vivienda-272x182.jpg 272w\" sizes=\"(max-width: 640px) 100vw, 640px\" \/><\/a>\n\t\t\t<\/div><\/figure><figure class='gallery-item'>\n\t\t\t<div class='gallery-icon landscape'>\n\t\t\t\t<a href='http:\/\/elobservatorio.com.mx\/?attachment_id=30336'><img loading=\"lazy\" decoding=\"async\" width=\"640\" height=\"426\" src=\"http:\/\/elobservatorio.com.mx\/wp-content\/uploads\/2024\/05\/oscar10.jpg\" class=\"attachment-large size-large\" alt=\"\" srcset=\"http:\/\/elobservatorio.com.mx\/wp-content\/uploads\/2024\/05\/oscar10.jpg 900w, http:\/\/elobservatorio.com.mx\/wp-content\/uploads\/2024\/05\/oscar10-300x200.jpg 300w, http:\/\/elobservatorio.com.mx\/wp-content\/uploads\/2024\/05\/oscar10-768x511.jpg 768w, http:\/\/elobservatorio.com.mx\/wp-content\/uploads\/2024\/05\/oscar10-600x400.jpg 600w, http:\/\/elobservatorio.com.mx\/wp-content\/uploads\/2024\/05\/oscar10-272x182.jpg 272w\" sizes=\"(max-width: 640px) 100vw, 640px\" \/><\/a>\n\t\t\t<\/div><\/figure>\n\t\t<\/div>\n\n","protected":false},"excerpt":{"rendered":"<p>*Tecom\u00e1n no puede esperar un minuto m\u00e1s, no est\u00e1 para improvisaciones *S\u00e9 c\u00f3mo hacer las cosas porque ya lo he demostrado en los hechos. Con una determinaci\u00f3n sin precedente en el proceso electoral de Tecom\u00e1n, el candidato de \u00abFuerza y Coraz\u00f3n\u00bb PRI-PAN a la alcald\u00eda de Tecom\u00e1n, \u00d3scar Avalos Verdugo, ha delineado su visi\u00f3n de&#8230;<\/p>\n","protected":false},"author":2,"featured_media":30336,"comment_status":"open","ping_status":"open","sticky":false,"template":"","format":"standard","meta":{"footnotes":""},"categories":[61,10],"tags":[29,30,28],"class_list":["post-30326","post","type-post","status-publish","format-standard","has-post-thumbnail","hentry","category-elecciones-2024","category-politica","tag-grid","tag-news","tag-slider"],"_links":{"self":[{"href":"http:\/\/elobservatorio.com.mx\/index.php?rest_route=\/wp\/v2\/posts\/30326"}],"collection":[{"href":"http:\/\/elobservatorio.com.mx\/index.php?rest_route=\/wp\/v2\/posts"}],"about":[{"href":"http:\/\/elobservatorio.com.mx\/index.php?rest_route=\/wp\/v2\/types\/post"}],"author":[{"embeddable":true,"href":"http:\/\/elobservatorio.com.mx\/index.php?rest_route=\/wp\/v2\/users\/2"}],"replies":[{"embeddable":true,"href":"http:\/\/elobservatorio.com.mx\/index.php?rest_route=%2Fwp%2Fv2%2Fcomments&post=30326"}],"version-history":[{"count":1,"href":"http:\/\/elobservatorio.com.mx\/index.php?rest_route=\/wp\/v2\/posts\/30326\/revisions"}],"predecessor-version":[{"id":30337,"href":"http:\/\/elobservatorio.com.mx\/index.php?rest_route=\/wp\/v2\/posts\/30326\/revisions\/30337"}],"wp:featuredmedia":[{"embeddable":true,"href":"http:\/\/elobservatorio.com.mx\/index.php?rest_route=\/wp\/v2\/media\/30336"}],"wp:attachment":[{"href":"http:\/\/elobservatorio.com.mx\/index.php?rest_route=%2Fwp%2Fv2%2Fmedia&parent=30326"}],"wp:term":[{"taxonomy":"category","embeddable":true,"href":"http:\/\/elobservatorio.com.mx\/index.php?rest_route=%2Fwp%2Fv2%2Fcategories&post=30326"},{"taxonomy":"post_tag","embeddable":true,"href":"http:\/\/elobservatorio.com.mx\/index.php?rest_route=%2Fwp%2Fv2%2Ftags&post=30326"}],"curies":[{"name":"wp","href":"https:\/\/api.w.org\/{rel}","templated":true}]}}