{"id":30372,"date":"2024-05-27T19:22:12","date_gmt":"2024-05-28T01:22:12","guid":{"rendered":"http:\/\/elobservatorio.com.mx\/?p=30372"},"modified":"2024-05-27T19:22:12","modified_gmt":"2024-05-28T01:22:12","slug":"carolina-uriostegui-aventaja-en-el-distrito-14-arroja-sondeo","status":"publish","type":"post","link":"http:\/\/elobservatorio.com.mx\/?p=30372","title":{"rendered":"Carolina Uriostegui aventaja en el distrito 14, arroja sondeo"},"content":{"rendered":"<p><em>*La candidata encabezada por los partidos PRI y PAN, aventaja con un 35 %, le sigue en segundo lugar, Andrea Naranjo de la alianza MORENA, PT y Verde.<\/em><\/p>\n<p>Carolina Uriostegui, candidata de la alianza \u00abFuerza y Coraz\u00f3n por Colima\u00bb, conformado por los partidos PRI y PAN, encabeza las preferencias electorales para el distrito 14.<\/p>\n<p>De acuerdo a un sondeo de opini\u00f3n, realizado los d\u00edas 23, 24 y 25 de mayo, entre 150 habitantes de la zona del distrito 14, se les pregunt\u00f3 directamente \u00bfSi ma\u00f1ana fueran las elecciones por qui\u00e9n votar\u00eda en el distrito 14?.<\/p>\n<p>Quedando de la siguiente forma:<\/p>\n<p><strong>Carolina Uriostegui<\/strong>, de la Alianza Fuerza y Coraz\u00f3n por Colima, 35 %<\/p>\n<p><strong>Andrea Naranjo<\/strong>, de la Alianza Juntos hacemos Historia, que conforman los partidos MORENA, VERDE y PT,\u00a0 32 %<\/p>\n<p><strong>Carlos Luna<\/strong>, de Movimiento Ciudadano, 21 %<\/p>\n<p><strong>Javier S\u00e1nchez<\/strong>, del PRD, 8 %<\/p>\n<p>Mientras que el resto de candidatos obtuvieron un 4 %.<\/p>\n<p>Carolina Uriostegui est\u00e1 siendo aceptada en su distrito debido a que ven en ella una persona nueva en la pol\u00edtica, joven, preparada y profesionista exitosa, adem\u00e1s de que en el PRI se quedaron los mejores perfiles.<\/p>\n<p>Mientras tanto Andrea Naranjo que pretende reelegirse, va a la baja debido que al decir de la gente de su distrito gan\u00f3 la diputaci\u00f3n local nunca regres\u00f3 ni tuvo acercamiento con la gente, adem\u00e1s de que se fueron a MORENA lo peor del PRI, situaci\u00f3n que molest\u00f3 a la ciudadan\u00eda y le est\u00e1 pegando electoralmente tanto a Andrea Naranjo como al resto de los candidatos de MORENA.<\/p>\n<p>&nbsp;<\/p>\n<p>&nbsp;<\/p>\n<p>&nbsp;<\/p>\n<p>&nbsp;<\/p>\n","protected":false},"excerpt":{"rendered":"<p>*La candidata encabezada por los partidos PRI y PAN, aventaja con un 35 %, le sigue en segundo lugar, Andrea Naranjo de la alianza MORENA, PT y Verde. Carolina Uriostegui, candidata de la alianza \u00abFuerza y Coraz\u00f3n por Colima\u00bb, conformado por los partidos PRI y PAN, encabeza las preferencias electorales para el distrito 14. De&#8230;<\/p>\n","protected":false},"author":2,"featured_media":30373,"comment_status":"open","ping_status":"open","sticky":false,"template":"","format":"standard","meta":{"footnotes":""},"categories":[61,10],"tags":[29,30,28],"class_list":["post-30372","post","type-post","status-publish","format-standard","has-post-thumbnail","hentry","category-elecciones-2024","category-politica","tag-grid","tag-news","tag-slider"],"_links":{"self":[{"href":"http:\/\/elobservatorio.com.mx\/index.php?rest_route=\/wp\/v2\/posts\/30372"}],"collection":[{"href":"http:\/\/elobservatorio.com.mx\/index.php?rest_route=\/wp\/v2\/posts"}],"about":[{"href":"http:\/\/elobservatorio.com.mx\/index.php?rest_route=\/wp\/v2\/types\/post"}],"author":[{"embeddable":true,"href":"http:\/\/elobservatorio.com.mx\/index.php?rest_route=\/wp\/v2\/users\/2"}],"replies":[{"embeddable":true,"href":"http:\/\/elobservatorio.com.mx\/index.php?rest_route=%2Fwp%2Fv2%2Fcomments&post=30372"}],"version-history":[{"count":1,"href":"http:\/\/elobservatorio.com.mx\/index.php?rest_route=\/wp\/v2\/posts\/30372\/revisions"}],"predecessor-version":[{"id":30374,"href":"http:\/\/elobservatorio.com.mx\/index.php?rest_route=\/wp\/v2\/posts\/30372\/revisions\/30374"}],"wp:featuredmedia":[{"embeddable":true,"href":"http:\/\/elobservatorio.com.mx\/index.php?rest_route=\/wp\/v2\/media\/30373"}],"wp:attachment":[{"href":"http:\/\/elobservatorio.com.mx\/index.php?rest_route=%2Fwp%2Fv2%2Fmedia&parent=30372"}],"wp:term":[{"taxonomy":"category","embeddable":true,"href":"http:\/\/elobservatorio.com.mx\/index.php?rest_route=%2Fwp%2Fv2%2Fcategories&post=30372"},{"taxonomy":"post_tag","embeddable":true,"href":"http:\/\/elobservatorio.com.mx\/index.php?rest_route=%2Fwp%2Fv2%2Ftags&post=30372"}],"curies":[{"name":"wp","href":"https:\/\/api.w.org\/{rel}","templated":true}]}}