{"id":30427,"date":"2024-06-10T17:05:11","date_gmt":"2024-06-10T23:05:11","guid":{"rendered":"http:\/\/elobservatorio.com.mx\/?p=30427"},"modified":"2024-06-10T17:05:11","modified_gmt":"2024-06-10T23:05:11","slug":"no-al-tarifazo-del-transporte-publico-en-colima-julia-jimenez","status":"publish","type":"post","link":"http:\/\/elobservatorio.com.mx\/?p=30427","title":{"rendered":"NO al TARIFAZO del transporte p\u00fablico en Colima: Julia Jim\u00e9nez."},"content":{"rendered":"<p><em>*Afecta la econom\u00eda de la poblaci\u00f3n m\u00e1s vulnerable y no resuelve la problem\u00e1tica en la calidad de la prestaci\u00f3n del servicio.<\/em><\/p>\n<p>Colima, Col. La diputada federal, Julia Jim\u00e9nez, se pronunci\u00f3 en contra del aumento de la tarifa del 50% del transporte p\u00fablico en la zona Conurbada de Colima-Villa de \u00c1lvarez al considerarlo desproporcional generando una afectaci\u00f3n a la econom\u00eda del sector poblacional m\u00e1s vulnerable.<\/p>\n<p>\u201cEl aumento del 50% de la tarifa del transporte p\u00fablico que pasa de 8 a 12 pesos de un d\u00eda para otro, es contrario al principio de la proporcionalidad, dado que al pagar por la prestaci\u00f3n de un servicio p\u00fablico como lo es el transporte que le corresponde otorgarlo al estado, este no debe alejarse de la racionalidad, siendo un duro golpe a la econom\u00eda del sector mas vulnerable que utiliza este medio de transporte para trasladarse a sus trabajos, escuela o actividades diversas\u201d se\u00f1alo la diputada federal.<\/p>\n<p>El pasado jueves seis de junio la Comisi\u00f3n Mixta de tarifas del Gobierno Estatal aprob\u00f3 el aumento de tarifas del transporte urbano de 12 pesos en la zona conurbada de Colima \u2013 Villa de \u00c1lvarez; 13 pesos en Manzanillo y 10 pesos en Tecom\u00e1n.<\/p>\n<p>\u201cEl costo de la tarifa del transporte p\u00fablico no debe cargarse solo al usuario y al concesionario del transporte tambi\u00e9n tiene que intervenir el estado para que sea tripartita; los mejores sistemas de transporte p\u00fablico en el mundo tienen como prioridad equiparar el costo de la tarifa con la calidad de la prestaci\u00f3n del servicio y en donde el costo se reparte ente el usuario con un mejor servicio, el concesionario con utilidades y el estado con su responsabilidad legal; en cambio aqu\u00ed el Gobierno del Estado con este TARIFAZO no existe ning\u00fan aspecto que garantice esto, solo hay promesas\u201d agreg\u00f3 Julia Jim\u00e9nez.<\/p>\n<p>Finalmente la Diputada Federal se\u00f1al\u00f3 que analiza el tema con la bancada panista del Congreso Estatal para proponer un ajuste en el presupuesto estatal que subsidie este incremento en mayor medida y genere recurso para el mejoramiento del servicio conurbado y en apoyo a la ciudadan\u00eda de NO al TARIFAZO.<\/p>\n","protected":false},"excerpt":{"rendered":"<p>*Afecta la econom\u00eda de la poblaci\u00f3n m\u00e1s vulnerable y no resuelve la problem\u00e1tica en la calidad de la prestaci\u00f3n del servicio. Colima, Col. La diputada federal, Julia Jim\u00e9nez, se pronunci\u00f3 en contra del aumento de la tarifa del 50% del transporte p\u00fablico en la zona Conurbada de Colima-Villa de \u00c1lvarez al considerarlo desproporcional generando una&#8230;<\/p>\n","protected":false},"author":2,"featured_media":24788,"comment_status":"open","ping_status":"open","sticky":false,"template":"","format":"standard","meta":{"footnotes":""},"categories":[1],"tags":[29,30,28],"class_list":["post-30427","post","type-post","status-publish","format-standard","has-post-thumbnail","hentry","category-espacio-legislativo","tag-grid","tag-news","tag-slider"],"_links":{"self":[{"href":"http:\/\/elobservatorio.com.mx\/index.php?rest_route=\/wp\/v2\/posts\/30427"}],"collection":[{"href":"http:\/\/elobservatorio.com.mx\/index.php?rest_route=\/wp\/v2\/posts"}],"about":[{"href":"http:\/\/elobservatorio.com.mx\/index.php?rest_route=\/wp\/v2\/types\/post"}],"author":[{"embeddable":true,"href":"http:\/\/elobservatorio.com.mx\/index.php?rest_route=\/wp\/v2\/users\/2"}],"replies":[{"embeddable":true,"href":"http:\/\/elobservatorio.com.mx\/index.php?rest_route=%2Fwp%2Fv2%2Fcomments&post=30427"}],"version-history":[{"count":1,"href":"http:\/\/elobservatorio.com.mx\/index.php?rest_route=\/wp\/v2\/posts\/30427\/revisions"}],"predecessor-version":[{"id":30428,"href":"http:\/\/elobservatorio.com.mx\/index.php?rest_route=\/wp\/v2\/posts\/30427\/revisions\/30428"}],"wp:featuredmedia":[{"embeddable":true,"href":"http:\/\/elobservatorio.com.mx\/index.php?rest_route=\/wp\/v2\/media\/24788"}],"wp:attachment":[{"href":"http:\/\/elobservatorio.com.mx\/index.php?rest_route=%2Fwp%2Fv2%2Fmedia&parent=30427"}],"wp:term":[{"taxonomy":"category","embeddable":true,"href":"http:\/\/elobservatorio.com.mx\/index.php?rest_route=%2Fwp%2Fv2%2Fcategories&post=30427"},{"taxonomy":"post_tag","embeddable":true,"href":"http:\/\/elobservatorio.com.mx\/index.php?rest_route=%2Fwp%2Fv2%2Ftags&post=30427"}],"curies":[{"name":"wp","href":"https:\/\/api.w.org\/{rel}","templated":true}]}}