{"id":30429,"date":"2024-06-10T17:17:12","date_gmt":"2024-06-10T23:17:12","guid":{"rendered":"http:\/\/elobservatorio.com.mx\/?p=30429"},"modified":"2024-06-10T17:17:12","modified_gmt":"2024-06-10T23:17:12","slug":"ayuntamiento-de-manzanillo-realizara-el-mes-del-teatro","status":"publish","type":"post","link":"http:\/\/elobservatorio.com.mx\/?p=30429","title":{"rendered":"Ayuntamiento de Manzanillo realizar\u00e1 \u201cEl mes del Teatro\u201d"},"content":{"rendered":"<p>Con la finalidad de acercar la cultura y las artes a las y los manzanillenses, el Ayuntamiento de Manzanillo, realizar\u00e1 del 13 al 29 de junio de 2024, el mes del teatro, donde distintas puestas en escena ser\u00e1n presentadas en varias sedes, incluida la cabera municipal y algunas comunidades, y tambi\u00e9n contemplar\u00e1 algunos talleres, todo ser\u00e1 de acceso gratuito.<\/p>\n<p>A trav\u00e9s de la direcci\u00f3n general de Desarrollo Humano, este evento comenzar\u00e1 en la comunidad de Jalipa, el jueves 13 de junio a las 5 de la tarde con la obra \u201cCarapelo Circonauta\u201d.<\/p>\n<p>El viernes 14 de junio, a las 10 de la ma\u00f1ana, se presentar\u00e1 la obra \u201cTobog\u00e1n\u201d. En el Auditorio del Centro Cultural Salagua, el s\u00e1bado 15 alas 7 de la tarde se har\u00e1 la presentaci\u00f3n de, \u201cLas Ub\u00e1rry\u201d; el lunes 17 de junio a las 10:30 de la ma\u00f1ana, \u201cEvasaurio\u201d; el martes 18, a las 7 de la tarde, \u201cEl silencio de J\u00fapiter\u201d; el viernes 21 a las 7 de la tarde, \u201cEf\u00edmero; unipersonal perfom\u00e1tico sobre el duelo migratorio\u201d; el martes 25, a las 11 de la ma\u00f1ana, la obra \u201cRoot beer; la tr\u00e1gica historia del bullying en una secundaria\u201d.<\/p>\n<p>Tambi\u00e9n se ofrecer\u00e1 una obra de teatro en la comunidad de Nuevo Cuyutl\u00e1n, el s\u00e1bado 22, a las 7 de la tarde se presentar\u00e1 \u201cA lo mejor te encuentro\u201d; el viernes 28 a las 6 de la tarde en El Chavar\u00edn, \u201cEl cartero del rey\u201d y el s\u00e1bado 29, a las 7:30 en Veladero de los Otates, \u201cSalvador; el ni\u00f1o, la monta\u00f1a y el mango\u201d.<\/p>\n<p>En este mes de teatro, tambi\u00e9n se contemplan los talleres; \u201cCarapelo\u201d, con I\u00f1aki cuenta cuentos, el jueves 13 de junio de 1 a 3 de la tarde en la Biblioteca de Jalipa y el de \u201cEscribir teatro\u201d, con Estela Le\u00f1ero\u201d, en el Auditorio del Centro Cultural Salagua el viernes 25 de junio de 5 a 8 de la noche; el s\u00e1bado 29 de 11 de la ma\u00f1ana a 2 de la tarde y el domingo 29 de 11 de la ma\u00f1ana a 2 de la tarde.<\/p>\n","protected":false},"excerpt":{"rendered":"<p>Con la finalidad de acercar la cultura y las artes a las y los manzanillenses, el Ayuntamiento de Manzanillo, realizar\u00e1 del 13 al 29 de junio de 2024, el mes del teatro, donde distintas puestas en escena ser\u00e1n presentadas en varias sedes, incluida la cabera municipal y algunas comunidades, y tambi\u00e9n contemplar\u00e1 algunos talleres, todo&#8230;<\/p>\n","protected":false},"author":2,"featured_media":30430,"comment_status":"open","ping_status":"open","sticky":false,"template":"","format":"standard","meta":{"footnotes":""},"categories":[35,8],"tags":[29,30,28],"class_list":["post-30429","post","type-post","status-publish","format-standard","has-post-thumbnail","hentry","category-manzanillo","category-municipios","tag-grid","tag-news","tag-slider"],"_links":{"self":[{"href":"http:\/\/elobservatorio.com.mx\/index.php?rest_route=\/wp\/v2\/posts\/30429"}],"collection":[{"href":"http:\/\/elobservatorio.com.mx\/index.php?rest_route=\/wp\/v2\/posts"}],"about":[{"href":"http:\/\/elobservatorio.com.mx\/index.php?rest_route=\/wp\/v2\/types\/post"}],"author":[{"embeddable":true,"href":"http:\/\/elobservatorio.com.mx\/index.php?rest_route=\/wp\/v2\/users\/2"}],"replies":[{"embeddable":true,"href":"http:\/\/elobservatorio.com.mx\/index.php?rest_route=%2Fwp%2Fv2%2Fcomments&post=30429"}],"version-history":[{"count":1,"href":"http:\/\/elobservatorio.com.mx\/index.php?rest_route=\/wp\/v2\/posts\/30429\/revisions"}],"predecessor-version":[{"id":30431,"href":"http:\/\/elobservatorio.com.mx\/index.php?rest_route=\/wp\/v2\/posts\/30429\/revisions\/30431"}],"wp:featuredmedia":[{"embeddable":true,"href":"http:\/\/elobservatorio.com.mx\/index.php?rest_route=\/wp\/v2\/media\/30430"}],"wp:attachment":[{"href":"http:\/\/elobservatorio.com.mx\/index.php?rest_route=%2Fwp%2Fv2%2Fmedia&parent=30429"}],"wp:term":[{"taxonomy":"category","embeddable":true,"href":"http:\/\/elobservatorio.com.mx\/index.php?rest_route=%2Fwp%2Fv2%2Fcategories&post=30429"},{"taxonomy":"post_tag","embeddable":true,"href":"http:\/\/elobservatorio.com.mx\/index.php?rest_route=%2Fwp%2Fv2%2Ftags&post=30429"}],"curies":[{"name":"wp","href":"https:\/\/api.w.org\/{rel}","templated":true}]}}