{"id":30475,"date":"2024-06-20T14:44:13","date_gmt":"2024-06-20T20:44:13","guid":{"rendered":"http:\/\/elobservatorio.com.mx\/?p=30475"},"modified":"2024-06-20T14:44:13","modified_gmt":"2024-06-20T20:44:13","slug":"es-vinculado-a-proceso-por-robo-equiparado","status":"publish","type":"post","link":"http:\/\/elobservatorio.com.mx\/?p=30475","title":{"rendered":"Es vinculado a proceso por robo equiparado"},"content":{"rendered":"<p><em>* Elementos policiacos lo detuvieron en la carretera Colima-Tecom\u00e1n por traer un veh\u00edculo con reporte de robo<\/em><\/p>\n<p>Por los suficientes datos de prueba presentados por la Fiscal\u00eda General del Estado (FGE) ante el juez de control, Luis Alberto \u201cN\u201d fue vinculado a proceso luego de cometer el hecho constitutivo del delito de robo equiparado ocurrido en el municipio de Tecom\u00e1n.<\/p>\n<p>De acuerdo a la carpeta de investigaci\u00f3n, el 13 de marzo de este a\u00f1o, elementos de la Polic\u00eda Estatal le dieron alcance al hombre en la carretera Colima-Tecom\u00e1n a la altura de Tecolapa, toda vez que transitaba a bordo de un veh\u00edculo con reporte de robo vigente en la ciudad de Colima.<\/p>\n<p>Por lo anterior, el imputado fue puesto a disposici\u00f3n del juez de control quien determin\u00f3 su vinculaci\u00f3n a proceso y le dict\u00f3 la prisi\u00f3n preventiva como medida cautelar.<\/p>\n<p>Por este medio, la FGE hace un llamado a la ciudadan\u00eda a que denuncie los actos delictivos, a trav\u00e9s de las l\u00edneas 089 para denuncia an\u00f3nima y 911 para el reporte de emergencias.<\/p>\n","protected":false},"excerpt":{"rendered":"<p>* Elementos policiacos lo detuvieron en la carretera Colima-Tecom\u00e1n por traer un veh\u00edculo con reporte de robo Por los suficientes datos de prueba presentados por la Fiscal\u00eda General del Estado (FGE) ante el juez de control, Luis Alberto \u201cN\u201d fue vinculado a proceso luego de cometer el hecho constitutivo del delito de robo equiparado ocurrido&#8230;<\/p>\n","protected":false},"author":2,"featured_media":30476,"comment_status":"open","ping_status":"open","sticky":false,"template":"","format":"standard","meta":{"footnotes":""},"categories":[15],"tags":[29,30,28],"class_list":["post-30475","post","type-post","status-publish","format-standard","has-post-thumbnail","hentry","category-seguridad-y-justicia","tag-grid","tag-news","tag-slider"],"_links":{"self":[{"href":"http:\/\/elobservatorio.com.mx\/index.php?rest_route=\/wp\/v2\/posts\/30475"}],"collection":[{"href":"http:\/\/elobservatorio.com.mx\/index.php?rest_route=\/wp\/v2\/posts"}],"about":[{"href":"http:\/\/elobservatorio.com.mx\/index.php?rest_route=\/wp\/v2\/types\/post"}],"author":[{"embeddable":true,"href":"http:\/\/elobservatorio.com.mx\/index.php?rest_route=\/wp\/v2\/users\/2"}],"replies":[{"embeddable":true,"href":"http:\/\/elobservatorio.com.mx\/index.php?rest_route=%2Fwp%2Fv2%2Fcomments&post=30475"}],"version-history":[{"count":1,"href":"http:\/\/elobservatorio.com.mx\/index.php?rest_route=\/wp\/v2\/posts\/30475\/revisions"}],"predecessor-version":[{"id":30477,"href":"http:\/\/elobservatorio.com.mx\/index.php?rest_route=\/wp\/v2\/posts\/30475\/revisions\/30477"}],"wp:featuredmedia":[{"embeddable":true,"href":"http:\/\/elobservatorio.com.mx\/index.php?rest_route=\/wp\/v2\/media\/30476"}],"wp:attachment":[{"href":"http:\/\/elobservatorio.com.mx\/index.php?rest_route=%2Fwp%2Fv2%2Fmedia&parent=30475"}],"wp:term":[{"taxonomy":"category","embeddable":true,"href":"http:\/\/elobservatorio.com.mx\/index.php?rest_route=%2Fwp%2Fv2%2Fcategories&post=30475"},{"taxonomy":"post_tag","embeddable":true,"href":"http:\/\/elobservatorio.com.mx\/index.php?rest_route=%2Fwp%2Fv2%2Ftags&post=30475"}],"curies":[{"name":"wp","href":"https:\/\/api.w.org\/{rel}","templated":true}]}}