{"id":30478,"date":"2024-06-21T16:33:53","date_gmt":"2024-06-21T22:33:53","guid":{"rendered":"http:\/\/elobservatorio.com.mx\/?p=30478"},"modified":"2024-06-21T16:33:53","modified_gmt":"2024-06-21T22:33:53","slug":"supervisa-griselda-martinez-obras-de-renovacion-y-reforzamiento-del-edificio-de-la-presidencia-municipal","status":"publish","type":"post","link":"http:\/\/elobservatorio.com.mx\/?p=30478","title":{"rendered":"Supervisa Griselda Mart\u00ednez obras de renovaci\u00f3n y reforzamiento del edificio de la Presidencia Municipal"},"content":{"rendered":"<p>La Presidenta Municipal de Manzanillo, Griselda Mart\u00ednez, en compa\u00f1\u00eda del director de Obras P\u00fablicas del municipio, Alam Vargas, realiz\u00f3 un recorrido de supervisi\u00f3n en las obras de renovaci\u00f3n y reforzamiento que se realizan en el edificio de la Presidencia Municipal, mismo que result\u00f3 gravemente afectado en su estructura tras el pasado terremoto de septiembre de 2022.<\/p>\n<p>El director explic\u00f3 que actualmente los trabajos de ingenier\u00eda estructural tienen un avance del 85 por ciento. Debido a su afectaci\u00f3n, el techo del tercer nivel tendr\u00e1 que ser demolido y se construir\u00e1 uno nuevo. La primera etapa de esta obra concluir\u00e1 en nueve semanas.<\/p>\n<p>La alcaldesa destac\u00f3 que, debido a su importancia hist\u00f3rica, se decidi\u00f3 rescatar la edificaci\u00f3n \u2013 pues fue la primera en albergar al Ayuntamiento de Manzanillo- de lo contrario el edificio hubiera quedado en abandono.<\/p>\n<p>Griselda Mart\u00ednez se\u00f1al\u00f3 que en estos casi 6 a\u00f1os de su administraci\u00f3n, le ha tocado enfrentar retos y grandes desaf\u00edos, como terremotos, huracanes, la pandemia, adem\u00e1s de haber recibido un ayuntamiento quebrado y desmantelado, calles abandonadas y ahora, la falta de un espacio seguro de trabajo; sin embargo, explic\u00f3 que nada de eso ha impedido que se le brinde atenci\u00f3n a la poblaci\u00f3n.<\/p>\n<p>Indic\u00f3 que todas las \u00e1reas operan en diversas instalaciones municipales en oficinas improvisadas, para dar atenci\u00f3n a la poblaci\u00f3n. Finalmente, agradeci\u00f3 a todas las personas que s\u00ed pagan sus impuestos, pues es gracias a esos recursos que se han podido realizar muchas obras en Manzanillo.<\/p>\n","protected":false},"excerpt":{"rendered":"<p>La Presidenta Municipal de Manzanillo, Griselda Mart\u00ednez, en compa\u00f1\u00eda del director de Obras P\u00fablicas del municipio, Alam Vargas, realiz\u00f3 un recorrido de supervisi\u00f3n en las obras de renovaci\u00f3n y reforzamiento que se realizan en el edificio de la Presidencia Municipal, mismo que result\u00f3 gravemente afectado en su estructura tras el pasado terremoto de septiembre de&#8230;<\/p>\n","protected":false},"author":2,"featured_media":30479,"comment_status":"open","ping_status":"open","sticky":false,"template":"","format":"standard","meta":{"footnotes":""},"categories":[35,8],"tags":[29,30,28],"class_list":["post-30478","post","type-post","status-publish","format-standard","has-post-thumbnail","hentry","category-manzanillo","category-municipios","tag-grid","tag-news","tag-slider"],"_links":{"self":[{"href":"http:\/\/elobservatorio.com.mx\/index.php?rest_route=\/wp\/v2\/posts\/30478"}],"collection":[{"href":"http:\/\/elobservatorio.com.mx\/index.php?rest_route=\/wp\/v2\/posts"}],"about":[{"href":"http:\/\/elobservatorio.com.mx\/index.php?rest_route=\/wp\/v2\/types\/post"}],"author":[{"embeddable":true,"href":"http:\/\/elobservatorio.com.mx\/index.php?rest_route=\/wp\/v2\/users\/2"}],"replies":[{"embeddable":true,"href":"http:\/\/elobservatorio.com.mx\/index.php?rest_route=%2Fwp%2Fv2%2Fcomments&post=30478"}],"version-history":[{"count":1,"href":"http:\/\/elobservatorio.com.mx\/index.php?rest_route=\/wp\/v2\/posts\/30478\/revisions"}],"predecessor-version":[{"id":30480,"href":"http:\/\/elobservatorio.com.mx\/index.php?rest_route=\/wp\/v2\/posts\/30478\/revisions\/30480"}],"wp:featuredmedia":[{"embeddable":true,"href":"http:\/\/elobservatorio.com.mx\/index.php?rest_route=\/wp\/v2\/media\/30479"}],"wp:attachment":[{"href":"http:\/\/elobservatorio.com.mx\/index.php?rest_route=%2Fwp%2Fv2%2Fmedia&parent=30478"}],"wp:term":[{"taxonomy":"category","embeddable":true,"href":"http:\/\/elobservatorio.com.mx\/index.php?rest_route=%2Fwp%2Fv2%2Fcategories&post=30478"},{"taxonomy":"post_tag","embeddable":true,"href":"http:\/\/elobservatorio.com.mx\/index.php?rest_route=%2Fwp%2Fv2%2Ftags&post=30478"}],"curies":[{"name":"wp","href":"https:\/\/api.w.org\/{rel}","templated":true}]}}