{"id":30578,"date":"2024-06-25T19:21:06","date_gmt":"2024-06-26T01:21:06","guid":{"rendered":"http:\/\/elobservatorio.com.mx\/?p=30578"},"modified":"2024-06-25T19:21:06","modified_gmt":"2024-06-26T01:21:06","slug":"sabado-6-de-julio-se-llevara-a-cabo-brigada-de-prevencion-de-cancer-en-tecolapa","status":"publish","type":"post","link":"http:\/\/elobservatorio.com.mx\/?p=30578","title":{"rendered":"S\u00e1bado 6 de Julio, se llevar\u00e1 a cabo brigada de prevenci\u00f3n de c\u00e1ncer en Tecolapa"},"content":{"rendered":"<p>Alicia Reyna Maga\u00f1a, presidenta de la Asociaci\u00f3n Contra el C\u00e1ncer Tecomense, anunci\u00f3 que el pr\u00f3ximo s\u00e1bado 6 de julio, se llevar\u00e1 a cabo en el Centro de Salud de la comunidad de Tecolapa, la s\u00e9ptima campa\u00f1a externa de prevenci\u00f3n contra el c\u00e1ncer de mama y c\u00e9rvico uterino.<\/p>\n<p>El evento comenzar\u00e1 a partir de las 8:30 de la ma\u00f1ana y finalizando a las 12:30 del d\u00eda. Entre los servicios gratuitos que se ofrecer\u00e1n se incluyen ex\u00e1menes de Papanicolaou y exploraciones mamarias. Adem\u00e1s, se programar\u00e1n ultrasonidos p\u00e9lvicos y mamarios, mamograf\u00edas y consultas ginecol\u00f3gicas.<\/p>\n<p>Reyna Maga\u00f1a expres\u00f3 su satisfacci\u00f3n por la continuidad de esa campa\u00f1a en la comunidad, lo que indica que las mujeres est\u00e1n realiz\u00e1ndose sus ex\u00e1menes anuales y haciendo un seguimiento adecuado.<\/p>\n<p>Destac\u00f3 el aumento en la cantidad de mujeres que participan, lo cual considera \u201cbastante positivo\u201d.<\/p>\n<p>Para aquellas mujeres que planean asistir y beneficiarse de esa campa\u00f1a, les record\u00f3 la necesidad de cumplir ciertos requisitos para recibir los servicios: deben llevar una copia de su credencial del INE, comprobante de domicilio, la CURP y tarjeta o comprobante de seguro (si cuentan con alguno).<\/p>\n<p>Reyna Maga\u00f1a hizo hincapi\u00e9 en que los ex\u00e1menes m\u00e9dicos regulares ayudan a detectar enfermedades en etapas tempranas, lo que facilita un tratamiento m\u00e1s efectivo, especialmente en casos como el c\u00e1ncer de mama, c\u00e1ncer cervical y otras afecciones ginecol\u00f3gicas.<\/p>\n<p>En ese sentido, se\u00f1al\u00f3 que, durante los ex\u00e1menes de rutina, las mujeres pueden recibir orientaci\u00f3n sobre c\u00f3mo prevenir enfermedades mediante cambios en el estilo de vida, vacunas, terapias hormonales, entre otros. Tambi\u00e9n podr\u00e1n monitorear su salud reproductiva, incluyendo la salud del \u00fatero, los ovarios y el cuello uterino.<\/p>\n","protected":false},"excerpt":{"rendered":"<p>Alicia Reyna Maga\u00f1a, presidenta de la Asociaci\u00f3n Contra el C\u00e1ncer Tecomense, anunci\u00f3 que el pr\u00f3ximo s\u00e1bado 6 de julio, se llevar\u00e1 a cabo en el Centro de Salud de la comunidad de Tecolapa, la s\u00e9ptima campa\u00f1a externa de prevenci\u00f3n contra el c\u00e1ncer de mama y c\u00e9rvico uterino. El evento comenzar\u00e1 a partir de las 8:30&#8230;<\/p>\n","protected":false},"author":2,"featured_media":30579,"comment_status":"open","ping_status":"open","sticky":false,"template":"","format":"standard","meta":{"footnotes":""},"categories":[8,12,34],"tags":[29,30,28],"class_list":["post-30578","post","type-post","status-publish","format-standard","has-post-thumbnail","hentry","category-municipios","category-sociedad","category-tecoman","tag-grid","tag-news","tag-slider"],"_links":{"self":[{"href":"http:\/\/elobservatorio.com.mx\/index.php?rest_route=\/wp\/v2\/posts\/30578"}],"collection":[{"href":"http:\/\/elobservatorio.com.mx\/index.php?rest_route=\/wp\/v2\/posts"}],"about":[{"href":"http:\/\/elobservatorio.com.mx\/index.php?rest_route=\/wp\/v2\/types\/post"}],"author":[{"embeddable":true,"href":"http:\/\/elobservatorio.com.mx\/index.php?rest_route=\/wp\/v2\/users\/2"}],"replies":[{"embeddable":true,"href":"http:\/\/elobservatorio.com.mx\/index.php?rest_route=%2Fwp%2Fv2%2Fcomments&post=30578"}],"version-history":[{"count":1,"href":"http:\/\/elobservatorio.com.mx\/index.php?rest_route=\/wp\/v2\/posts\/30578\/revisions"}],"predecessor-version":[{"id":30580,"href":"http:\/\/elobservatorio.com.mx\/index.php?rest_route=\/wp\/v2\/posts\/30578\/revisions\/30580"}],"wp:featuredmedia":[{"embeddable":true,"href":"http:\/\/elobservatorio.com.mx\/index.php?rest_route=\/wp\/v2\/media\/30579"}],"wp:attachment":[{"href":"http:\/\/elobservatorio.com.mx\/index.php?rest_route=%2Fwp%2Fv2%2Fmedia&parent=30578"}],"wp:term":[{"taxonomy":"category","embeddable":true,"href":"http:\/\/elobservatorio.com.mx\/index.php?rest_route=%2Fwp%2Fv2%2Fcategories&post=30578"},{"taxonomy":"post_tag","embeddable":true,"href":"http:\/\/elobservatorio.com.mx\/index.php?rest_route=%2Fwp%2Fv2%2Ftags&post=30578"}],"curies":[{"name":"wp","href":"https:\/\/api.w.org\/{rel}","templated":true}]}}