{"id":30654,"date":"2024-07-15T18:28:34","date_gmt":"2024-07-16T00:28:34","guid":{"rendered":"http:\/\/elobservatorio.com.mx\/?p=30654"},"modified":"2024-07-15T18:28:34","modified_gmt":"2024-07-16T00:28:34","slug":"el-ayuntamiento-de-manzanillo-entregara-2-mil-400-despensas","status":"publish","type":"post","link":"http:\/\/elobservatorio.com.mx\/?p=30654","title":{"rendered":"El Ayuntamiento de Manzanillo entregar\u00e1 2 mil 400 despensas"},"content":{"rendered":"<p>Para seguir brindando ayuda a familias necesitadas de todo el municipio, por instrucciones de la presidenta Griselda Mart\u00ednez, a partir del lunes 22 y hasta el viernes 26 de julio de 2024, el de Ayuntamiento de Manzanillo entregar\u00e1 2 mil 400 despensas, del programa de Apoyo Alimentario de la direcci\u00f3n de Desarrollo Social.<\/p>\n<p>A trav\u00e9s de las brigadas de la direcci\u00f3n de Desarrollo Social, el lunes de la pr\u00f3xima semana, estas entregas, comenzar\u00e1n, a partir de las 09:30 de la ma\u00f1ana en las comunidades de Santa Rita, Venustiano Carranza, Nuevo Cuyutl\u00e1n, San Buenaventura, Las Adjuntas (La Flore\u00f1a), El Colomo, Tapeixtles, Francisco Villa, Jalipa y en Punta de Agua.<\/p>\n<p>El martes 23 de julio, las entregas se realizar\u00e1n, a partir de las 9 de la ma\u00f1ana en la explanada del Pez Vela, para las y los beneficiarios de; Centro, Bellavista, Punta Chica, El Roc\u00edo, Zaragoza, Leandro Valle, Punta Grande, Las Torres y La Gasera. Para los beneficiarios de Campos, ese mismo d\u00eda se realizar\u00e1 en el parque principal; en la Terraza del DIF se atender\u00e1n las y los beneficiarios de los Sectores 6, 7, 8 y 9, Alto y Bajo, Bur\u00f3cratas, Las Joyas, y en las canchas de la colonia Benito Ju\u00e1rez, para los de la Benito Ju\u00e1rez y de la colonia 16 de septiem<\/p>\n<p>El mi\u00e9rcoles 24, desde las 9 de la ma\u00f1ana, ser\u00e1 para las y los beneficiarios de Salagua y Santiago, Jard\u00edn de la Floresta, Miramar, El Naranjo, La Central, Emiliano Zapata, El Chavar\u00edn y el Centinela de Abajo.<\/p>\n<p>El jueves 25, a partir de las 10 de la ma\u00f1a, la entrega ser\u00e1 para El Petatero, Chandiablo, Aserradero de la Lima, Don Tom\u00e1s, Parajes, Huizcolotila, Veladero de los Otates, Camotl\u00e1n, El Huizcolote, Lomas de \u00c1vila Camacho, Cedros Ciruelito de La Marina, El Llano de la Marina, Puertecito de Lajas, Canoas, El Camich\u00edn, Veladero de Camotl\u00e1n, San Jos\u00e9 de L\u00famber y en La Rosa.<\/p>\n<p>El viernes 26 de julio, ser\u00e1 entregadas en la oficina de Desarrollo Social en Barrio 1 del Valle de las Garzas; en Santiago, Las Brisas, R\u00edo Marabasco, El Charco y la Culebra.<\/p>\n<p>Para m\u00e1s informaci\u00f3n se puede llamar al tel\u00e9fono de Programas Sociales al; 314 137 22 99.<\/p>\n","protected":false},"excerpt":{"rendered":"<p>Para seguir brindando ayuda a familias necesitadas de todo el municipio, por instrucciones de la presidenta Griselda Mart\u00ednez, a partir del lunes 22 y hasta el viernes 26 de julio de 2024, el de Ayuntamiento de Manzanillo entregar\u00e1 2 mil 400 despensas, del programa de Apoyo Alimentario de la direcci\u00f3n de Desarrollo Social. A trav\u00e9s&#8230;<\/p>\n","protected":false},"author":2,"featured_media":30655,"comment_status":"open","ping_status":"open","sticky":false,"template":"","format":"standard","meta":{"footnotes":""},"categories":[35,8],"tags":[29,30,28],"class_list":["post-30654","post","type-post","status-publish","format-standard","has-post-thumbnail","hentry","category-manzanillo","category-municipios","tag-grid","tag-news","tag-slider"],"_links":{"self":[{"href":"http:\/\/elobservatorio.com.mx\/index.php?rest_route=\/wp\/v2\/posts\/30654"}],"collection":[{"href":"http:\/\/elobservatorio.com.mx\/index.php?rest_route=\/wp\/v2\/posts"}],"about":[{"href":"http:\/\/elobservatorio.com.mx\/index.php?rest_route=\/wp\/v2\/types\/post"}],"author":[{"embeddable":true,"href":"http:\/\/elobservatorio.com.mx\/index.php?rest_route=\/wp\/v2\/users\/2"}],"replies":[{"embeddable":true,"href":"http:\/\/elobservatorio.com.mx\/index.php?rest_route=%2Fwp%2Fv2%2Fcomments&post=30654"}],"version-history":[{"count":1,"href":"http:\/\/elobservatorio.com.mx\/index.php?rest_route=\/wp\/v2\/posts\/30654\/revisions"}],"predecessor-version":[{"id":30656,"href":"http:\/\/elobservatorio.com.mx\/index.php?rest_route=\/wp\/v2\/posts\/30654\/revisions\/30656"}],"wp:featuredmedia":[{"embeddable":true,"href":"http:\/\/elobservatorio.com.mx\/index.php?rest_route=\/wp\/v2\/media\/30655"}],"wp:attachment":[{"href":"http:\/\/elobservatorio.com.mx\/index.php?rest_route=%2Fwp%2Fv2%2Fmedia&parent=30654"}],"wp:term":[{"taxonomy":"category","embeddable":true,"href":"http:\/\/elobservatorio.com.mx\/index.php?rest_route=%2Fwp%2Fv2%2Fcategories&post=30654"},{"taxonomy":"post_tag","embeddable":true,"href":"http:\/\/elobservatorio.com.mx\/index.php?rest_route=%2Fwp%2Fv2%2Ftags&post=30654"}],"curies":[{"name":"wp","href":"https:\/\/api.w.org\/{rel}","templated":true}]}}