{"id":30661,"date":"2024-07-22T21:47:31","date_gmt":"2024-07-23T03:47:31","guid":{"rendered":"http:\/\/elobservatorio.com.mx\/?p=30661"},"modified":"2024-07-22T21:47:31","modified_gmt":"2024-07-23T03:47:31","slug":"productores-de-mango-de-v-carranza-tiran-la-fruta-por-falta-de-compradores","status":"publish","type":"post","link":"http:\/\/elobservatorio.com.mx\/?p=30661","title":{"rendered":"Productores de mango de V. Carranza tiran la fruta por falta de compradores"},"content":{"rendered":"<p><em>*El problema fue que se empat\u00f3\u00a0 la producci\u00f3n con otros estados productores y al mercado nacional le sale m\u00e1s barato comprarles a ellos, dice Jos\u00e9 Moreno Arreola, productor<\/em><\/p>\n<p><em>Armer\u00eda Col<\/em>.- <strong>Jos\u00e9 Moreno Arreola<\/strong>, <em>productor de mango en la comunidad de V. Carranza<\/em> inform\u00f3 en exclusiva a <strong>El Observatorio Noticias<\/strong>, que debido a la falta de compradores o \u00abcoyotes\u00bb est\u00e1n tirando toda la producci\u00f3n, sobretodo en algunas variedades de mango, gener\u00e1ndoles grandes perdidas.<\/p>\n<p>Explic\u00f3 que esto se debe a la sobre producci\u00f3n de mango porque\u00a0 junto con los estados como Chiapas, Nayarit, Sinaloa, Guerrero, Michoac\u00e1n, Oaxaca, que tambi\u00e9n son productores importantes, la primera cosecha que fue por los meses de febrero a abril vendimos casi al parejo y estos estados nuevamente tienen mucha fruta.<\/p>\n<p>\u00abtuvimos la primera floraci\u00f3n y sacamos mango en Febrero, Marzo, Abril de ahi hubo escasez, pero se nos vino la segunda temporada y empatamos con esos estados en los mismos tiempos, ellos y nosotros tenemos ahorita y esa es la raz\u00f3n por la que precisamente en V. Carranza no tenemos compradores\u00bb.<\/p>\n<p>Dijo que de\u00a0 ocho a diez compadores que ven\u00edan en a\u00f1os anteriores nada m\u00e1s hay dos o tres, y no podemos vender,\u00a0 mucha fruta se nos tir\u00f3, hablando de\u00a0 la variedad de Tommys, Kents, los manila no se diga y los Ataulfos dificilmente los estamos vendiendo.<\/p>\n<p>Respecto a la producci\u00f3n, el productor mencion\u00f3 que en la primera cosecha hubo buena producci\u00f3n, hablando proporcionalmente por arbol se produjo una cantidad media que es lo que corresponde, sin embargo, recalc\u00f3, que en lo que han fallado siempre es en la comercializaci\u00f3n porque dependen de los coyotes.<\/p>\n<p>Hay nueva floraci\u00f3n &#8211; se le cuestion\u00f3 &#8211;<\/p>\n<p>\u00abAfortunadamentede esta nueva floraci\u00f3n a\u00fan no se est\u00e1 perdiendo la fruta porque a\u00fan no llega a corte, hoy es 22 de julio, estamos a 15 d\u00edas de cortar la segunda remesa,\u00a0 entonces no se nos est\u00e1 perdiendo ahorita porque todav\u00eda no estamos en corte pero de qu\u00e9 nos sirve, no tenemos compradores\u00bb.<\/p>\n<p>Respecto al precio, Jos\u00e9 Moreno mencion\u00f3 que han oscilado en los Ataulfos entre 280 a 300 pesos desde que inici\u00f3, es\u00a0 mango bueno y limpio, los bolas no tuvieron precio todo se tir\u00f3, al igual que Tommys, Kents, Hadens se tiraron en su mayor\u00eda.<\/p>\n<p>Con esta ultima floraci\u00f3n, la segunda remesa tendremos mangos para lo que resta del mes y el que viene porque se vienen las pocas lluvias que no dejan de afectarnos porque tambi\u00e9n viene\u00a0 la mosca de la fruta en su apogeo y con ello se viene el gusano.<\/p>\n<p>Concluy\u00f3 diciendo, \u00abpara esta ultima remesa de producci\u00f3n, reitero,\u00a0 que no vemos un panorama halagador, antes deciamos que los veh\u00edculos de comercializaci\u00f3n eran lo que que ten\u00edamos aqu\u00ed en los Estados consumidores,\u00a0 pues ahora les agarra mucho m\u00e1s cercas, por ejemplo nosotros mandamos a Puebla, Le\u00f3n,\u00a0 Ciudad de M\u00e9xico y a ese mercado les agarra m\u00e1s cerca y menos costo en fletes los comprar en Chiapas, Guerrero que comprarnos a nosotros\u00bb.<\/p>\n","protected":false},"excerpt":{"rendered":"<p>*El problema fue que se empat\u00f3\u00a0 la producci\u00f3n con otros estados productores y al mercado nacional le sale m\u00e1s barato comprarles a ellos, dice Jos\u00e9 Moreno Arreola, productor Armer\u00eda Col.- Jos\u00e9 Moreno Arreola, productor de mango en la comunidad de V. Carranza inform\u00f3 en exclusiva a El Observatorio Noticias, que debido a la falta de&#8230;<\/p>\n","protected":false},"author":2,"featured_media":30662,"comment_status":"open","ping_status":"open","sticky":false,"template":"","format":"standard","meta":{"footnotes":""},"categories":[9,33,8],"tags":[29,30,28],"class_list":["post-30661","post","type-post","status-publish","format-standard","has-post-thumbnail","hentry","category-agro-y-salud","category-armeria","category-municipios","tag-grid","tag-news","tag-slider"],"_links":{"self":[{"href":"http:\/\/elobservatorio.com.mx\/index.php?rest_route=\/wp\/v2\/posts\/30661"}],"collection":[{"href":"http:\/\/elobservatorio.com.mx\/index.php?rest_route=\/wp\/v2\/posts"}],"about":[{"href":"http:\/\/elobservatorio.com.mx\/index.php?rest_route=\/wp\/v2\/types\/post"}],"author":[{"embeddable":true,"href":"http:\/\/elobservatorio.com.mx\/index.php?rest_route=\/wp\/v2\/users\/2"}],"replies":[{"embeddable":true,"href":"http:\/\/elobservatorio.com.mx\/index.php?rest_route=%2Fwp%2Fv2%2Fcomments&post=30661"}],"version-history":[{"count":1,"href":"http:\/\/elobservatorio.com.mx\/index.php?rest_route=\/wp\/v2\/posts\/30661\/revisions"}],"predecessor-version":[{"id":30663,"href":"http:\/\/elobservatorio.com.mx\/index.php?rest_route=\/wp\/v2\/posts\/30661\/revisions\/30663"}],"wp:featuredmedia":[{"embeddable":true,"href":"http:\/\/elobservatorio.com.mx\/index.php?rest_route=\/wp\/v2\/media\/30662"}],"wp:attachment":[{"href":"http:\/\/elobservatorio.com.mx\/index.php?rest_route=%2Fwp%2Fv2%2Fmedia&parent=30661"}],"wp:term":[{"taxonomy":"category","embeddable":true,"href":"http:\/\/elobservatorio.com.mx\/index.php?rest_route=%2Fwp%2Fv2%2Fcategories&post=30661"},{"taxonomy":"post_tag","embeddable":true,"href":"http:\/\/elobservatorio.com.mx\/index.php?rest_route=%2Fwp%2Fv2%2Ftags&post=30661"}],"curies":[{"name":"wp","href":"https:\/\/api.w.org\/{rel}","templated":true}]}}