{"id":30675,"date":"2024-07-23T22:49:43","date_gmt":"2024-07-24T04:49:43","guid":{"rendered":"http:\/\/elobservatorio.com.mx\/?p=30675"},"modified":"2024-07-23T22:49:43","modified_gmt":"2024-07-24T04:49:43","slug":"subejercicio-de-salud-en-2023-el-mayor-en-los-ultimos-diez-anos","status":"publish","type":"post","link":"http:\/\/elobservatorio.com.mx\/?p=30675","title":{"rendered":"Subejercicio de salud en 2023, el mayor en los \u00faltimos diez a\u00f1os"},"content":{"rendered":"<p class=\"x_gmail-MsoListParagraphCxSpFirst\" align=\"left\"><i><span lang=\"ES\">* Los recursos ejercidos fueron 6.6% menores a lo asignado para el a\u00f1o.<\/span><\/i><\/p>\n<p class=\"x_gmail-MsoListParagraphCxSpMiddle\" align=\"left\"><span lang=\"ES\">&#8211; <\/span><i><span lang=\"ES\">El subejercicio para la poblaci\u00f3n sin seguridad social fue del 16.0%.<\/span><\/i><\/p>\n<p class=\"x_gmail-MsoListParagraphCxSpLast\" align=\"left\"><span lang=\"ES\">&#8211;\u00a0 <\/span><i><span lang=\"ES\">Con la creaci\u00f3n de La Cl\u00ednica es Nuestra, se cubrir\u00eda el 56% de las unidades de primer nivel.<\/span><\/i><\/p>\n<p class=\"x_MsoNormal\">Existen diferentes momentos presupuestarios que permiten dar seguimiento al gasto p\u00fablico. En la Cuenta P\u00fablica (CP), se evidencia si se cumplieron y\/o excedieron las metas de gasto de cada ramo del presupuesto, pues en ella se presenta el gasto de forma estructurada para entender c\u00f3mo se ejercieron los recursos.<\/p>\n<p class=\"x_MsoNormal\">En ese sentido, el Centro de Investigaci\u00f3n Econ\u00f3mica y Presupuestaria (CIEP), refiere que de acuerdo con la CP 2023, a pesar de que se aprob\u00f3 un incremento de 4.2% en el gasto en salud respecto a 2022, la ejecuci\u00f3n en el sector present\u00f3 un subejercicio de 6.6%; el mayor en los \u00faltimos diez a\u00f1os con 62 mil 139 mdp sin ejercer.<\/p>\n<p class=\"x_MsoNormal\">En el documento \u201cEvoluci\u00f3n del gasto en salud. En 2023, el mayor subejercicio en diez a\u00f1os\u201c, el CIEP destaca que aunque todos los a\u00f1os existen ajustes respecto del gasto aprobado, en los recursos asignados a la poblaci\u00f3n sin seguridad social, el subejercicio en salud para dicho a\u00f1o fue de 16% con 53 mil 612.4 mdp. En cambio, IMSS, ISSSTE y Pemex suman un sobreejercicio de 4.6%.<\/p>\n<p class=\"x_MsoNormal\">El CIEP tambi\u00e9n hace referencia a la reciente creaci\u00f3n del programa La Cl\u00ednica es Nuestra (LCN), el cual operar\u00e1 bajo la misma l\u00f3gica de La Escuela es Nuestra, con transferencias directas a comit\u00e9s en las comunidades. A LCN se asignaron 3 mil 981.4 mdp para la operaci\u00f3n de 11 mil 947 centros de primer nivel. Cabe destacar que dicho monto equivale a 3.09% del presupuesto de IMSS-Bienestar. Con ello, la cobertura de los centros de LCN ser\u00eda del 56% de las 21 mil 447 unidades de primer nivel reportadas por la Secretar\u00eda de Salud y el IMSS Bienestar.<\/p>\n<p class=\"x_MsoNormal\">Finalmente, el CIEP refiere que para asegurar un buen desempe\u00f1o y ejecuci\u00f3n del presupuesto se requiere contar con mecanismos peri\u00f3dicos de seguimiento, supervisi\u00f3n, ejecuci\u00f3n y evaluaci\u00f3n de los recursos. Adem\u00e1s, las ineficiencias en el gasto en salud revelan las desigualdades en la atenci\u00f3n de la poblaci\u00f3n y comprometen la oportunidad en los tratamientos y servicios m\u00e9dicos que la poblaci\u00f3n recibe.<\/p>\n<p><img loading=\"lazy\" decoding=\"async\" class=\"alignnone size-full wp-image-30676\" src=\"http:\/\/elobservatorio.com.mx\/wp-content\/uploads\/2024\/07\/2024-cp-salud-sub1.png\" alt=\"\" width=\"638\" height=\"900\" srcset=\"http:\/\/elobservatorio.com.mx\/wp-content\/uploads\/2024\/07\/2024-cp-salud-sub1.png 638w, http:\/\/elobservatorio.com.mx\/wp-content\/uploads\/2024\/07\/2024-cp-salud-sub1-213x300.png 213w, http:\/\/elobservatorio.com.mx\/wp-content\/uploads\/2024\/07\/2024-cp-salud-sub1-300x423.png 300w\" sizes=\"(max-width: 638px) 100vw, 638px\" \/><\/p>\n<p><img loading=\"lazy\" decoding=\"async\" class=\"alignnone wp-image-30677 size-full\" src=\"http:\/\/elobservatorio.com.mx\/wp-content\/uploads\/2024\/07\/2024-cp-salud-grafica.png\" alt=\"\" width=\"900\" height=\"567\" srcset=\"http:\/\/elobservatorio.com.mx\/wp-content\/uploads\/2024\/07\/2024-cp-salud-grafica.png 900w, http:\/\/elobservatorio.com.mx\/wp-content\/uploads\/2024\/07\/2024-cp-salud-grafica-300x189.png 300w, http:\/\/elobservatorio.com.mx\/wp-content\/uploads\/2024\/07\/2024-cp-salud-grafica-768x484.png 768w\" sizes=\"(max-width: 900px) 100vw, 900px\" \/><\/p>\n","protected":false},"excerpt":{"rendered":"<p>* Los recursos ejercidos fueron 6.6% menores a lo asignado para el a\u00f1o. &#8211; El subejercicio para la poblaci\u00f3n sin seguridad social fue del 16.0%. &#8211;\u00a0 Con la creaci\u00f3n de La Cl\u00ednica es Nuestra, se cubrir\u00eda el 56% de las unidades de primer nivel. Existen diferentes momentos presupuestarios que permiten dar seguimiento al gasto p\u00fablico&#8230;.<\/p>\n","protected":false},"author":2,"featured_media":30677,"comment_status":"open","ping_status":"open","sticky":false,"template":"","format":"standard","meta":{"footnotes":""},"categories":[9],"tags":[29,30,28],"class_list":["post-30675","post","type-post","status-publish","format-standard","has-post-thumbnail","hentry","category-agro-y-salud","tag-grid","tag-news","tag-slider"],"_links":{"self":[{"href":"http:\/\/elobservatorio.com.mx\/index.php?rest_route=\/wp\/v2\/posts\/30675"}],"collection":[{"href":"http:\/\/elobservatorio.com.mx\/index.php?rest_route=\/wp\/v2\/posts"}],"about":[{"href":"http:\/\/elobservatorio.com.mx\/index.php?rest_route=\/wp\/v2\/types\/post"}],"author":[{"embeddable":true,"href":"http:\/\/elobservatorio.com.mx\/index.php?rest_route=\/wp\/v2\/users\/2"}],"replies":[{"embeddable":true,"href":"http:\/\/elobservatorio.com.mx\/index.php?rest_route=%2Fwp%2Fv2%2Fcomments&post=30675"}],"version-history":[{"count":1,"href":"http:\/\/elobservatorio.com.mx\/index.php?rest_route=\/wp\/v2\/posts\/30675\/revisions"}],"predecessor-version":[{"id":30678,"href":"http:\/\/elobservatorio.com.mx\/index.php?rest_route=\/wp\/v2\/posts\/30675\/revisions\/30678"}],"wp:featuredmedia":[{"embeddable":true,"href":"http:\/\/elobservatorio.com.mx\/index.php?rest_route=\/wp\/v2\/media\/30677"}],"wp:attachment":[{"href":"http:\/\/elobservatorio.com.mx\/index.php?rest_route=%2Fwp%2Fv2%2Fmedia&parent=30675"}],"wp:term":[{"taxonomy":"category","embeddable":true,"href":"http:\/\/elobservatorio.com.mx\/index.php?rest_route=%2Fwp%2Fv2%2Fcategories&post=30675"},{"taxonomy":"post_tag","embeddable":true,"href":"http:\/\/elobservatorio.com.mx\/index.php?rest_route=%2Fwp%2Fv2%2Ftags&post=30675"}],"curies":[{"name":"wp","href":"https:\/\/api.w.org\/{rel}","templated":true}]}}