{"id":30679,"date":"2024-07-24T20:41:41","date_gmt":"2024-07-25T02:41:41","guid":{"rendered":"http:\/\/elobservatorio.com.mx\/?p=30679"},"modified":"2024-07-24T20:41:41","modified_gmt":"2024-07-25T02:41:41","slug":"cabildo-aprueba-nuevo-programa-municipal-de-ordenamiento-territorial-y-desarrollo-urbano-de-colima","status":"publish","type":"post","link":"http:\/\/elobservatorio.com.mx\/?p=30679","title":{"rendered":"Cabildo aprueba nuevo Programa Municipal de Ordenamiento Territorial y Desarrollo Urbano de Colima."},"content":{"rendered":"<ul>\n<li class=\"x_gmail-p1\"><em>En conjunto con SEDATU y la Comisi\u00f3n de Desarrollo Urbano y Vivienda se crea un modelo que sentar\u00e1 las bases del desarrollo del municipio de Colima para los pr\u00f3ximos 50 a\u00f1os.<\/em><\/li>\n<\/ul>\n<p class=\"x_gmail-p1\">El gobierno encabezado por la presidenta municipal Margarita Moreno hace historia, al sentar las bases de un futuro con mayor orden y planeaci\u00f3n, una vez que el Cabildo<span class=\"x_gmail-Apple-converted-space\">\u00a0\u00a0<\/span>aprob\u00f3 el nuevo Programa Municipal de Ordenamiento Territorial y Desarrollo Urbano de Colima, que reemplaza al instrumento de planeaci\u00f3n que ten\u00eda 24 a\u00f1os de haber sido creado y resultaba obsoleto para la din\u00e1mica de desarrollo actual.<\/p>\n<p class=\"x_gmail-p1\">De esta manera, el rumbo para el crecimiento de Colima para los pr\u00f3ximos 50 a\u00f1os cuenta con un nuevo modelo de planeaci\u00f3n que presenta herramientas t\u00e9cnicas definidas y armonizadas con las perspectivas de desarrollo federal que permitir\u00e1 al Ayuntamiento de Colima y, principalmente, a la sociedad proyectar el desarrollo y aprovechamiento ordenado de la zona urbana y rural.<\/p>\n<p class=\"x_gmail-p1\"><span class=\"x_gmail-Apple-converted-space\">\u00a0<\/span>\u201cHoy demostramos una vez m\u00e1s que el trabajo en equipo dar\u00e1 los mejores resultados; un documento como este fue creado hace 43 a\u00f1os impulsado por la Gobernadora Griselda \u00c1lvarez y la \u00faltima actualizaci\u00f3n, no tan completa como la que hoy presentamos, se hizo hace 24 a\u00f1os siendo Colima un municipio muy diferente. Esta vez, gracias al trabajo en conjunto, marcamos el camino para el municipio que tanto so\u00f1amos para nuestro futuro\u201d, expres\u00f3 la presidenta municipal.<\/p>\n<p class=\"x_gmail-p1\">El Cabildo aprob\u00f3 la creaci\u00f3n del nuevo Programa Municipal de Ordenamiento Territorial y Desarrollo Urbano de Colima<span class=\"x_gmail-Apple-converted-space\">\u00a0\u00a0<\/span>en el marco de las actividades en conmemoraci\u00f3n del Quinientos aniversario de la Fundaci\u00f3n de la Villa de Colima,<span class=\"x_gmail-Apple-converted-space\">\u00a0\u00a0<\/span>creando un legado hist\u00f3rico que proyecta el crecimiento del municipio para el futuro, haciendo posible contar con instrumentos de gesti\u00f3n del suelo y su seguimiento.<span class=\"x_gmail-Apple-converted-space\">\u00a0<\/span><\/p>\n<p class=\"x_gmail-p1\">\u201cSe deja un legado de planeaci\u00f3n para los pr\u00f3ximos 50 a\u00f1os, con criterios de planeaci\u00f3n y coordinado con la SEDATU, con proyectos de inversi\u00f3n federal para el futuro y que impactan en el municipio. Reconocemos la disposici\u00f3n de la presidenta Margarita Moreno que levant\u00f3 la mano para ser de los municipios que le entraron al trabajo hacer posible este instrumento<span class=\"x_gmail-Apple-converted-space\">\u00a0\u00a0<\/span>que marcar\u00e1 un parte aguas para tener un municipio con orden\u201d, expres\u00f3 la regidora Gisela M\u00e9ndez.<\/p>\n<p class=\"x_gmail-p1\">El resultado de este programa se da tras casi un a\u00f1o de trabajo coordinado entre las autoridades municipales, encabezado por el Instituto de Planeaci\u00f3n del Municipio de Colima y la Comisi\u00f3n de Desarrollo Urbano del Cabildo capitalino con la Secretar\u00eda de Desarrollo Agrario, Territorial y<span class=\"x_gmail-Apple-converted-space\">\u00a0\u00a0<\/span>Urbano (SEDATU).<span class=\"x_gmail-Apple-converted-space\">\u00a0<\/span><\/p>\n<p class=\"x_gmail-p1\">\u201cAlcanzar este programa remarca lo que representa el esfuerzo que se ha hecho en esta administraci\u00f3n para el desarrollo de la zona rural y urbana, con proyecci\u00f3n equitativa. Es significativo que este se d\u00e9 en el cierre de la conmemoraci\u00f3n del 500 aniversario de la Fundaci\u00f3n de la Villa de Colima y al inicio del 501 aniversario\u201d, comparti\u00f3 el regidor Federico Rangel Lozano.<\/p>\n<p class=\"x_gmail-p1\">El documento aprobado tiene aspectos como las bases jur\u00eddicas, metodolog\u00eda y los diagn\u00f3sticos ambiental, de riesgos, sociales, econ\u00f3micos y urbano \u2013 rural;<span class=\"x_gmail-Apple-converted-space\">\u00a0\u00a0<\/span>plantea tambi\u00e9n la s\u00edntesis diagn\u00f3stica del sistema natural, socio econ\u00f3mico, la oferta de suelo para el desarrollo y los escenarios prospectivos: tendenciales, alternativos y estrat\u00e9gicos, contemplando los modelos de ocupaci\u00f3n y ordenamiento del territorio municipal, las normas, lineamientos y disposiciones t\u00e9cnicas aplicables.<\/p>\n<p class=\"x_gmail-p1\">Tras su publicaci\u00f3n en el peri\u00f3dico oficial \u201cEl Estado de Colima\u201d el documento completo deber\u00e1 ser facilitado para su consulta y difusi\u00f3n, tanto en forma f\u00edsica como digital en las plataformas y oficinas del IPCO y del Ayuntamiento de Colima, en los t\u00e9rminos de la Ley de Transparencia y Acceso a la Informaci\u00f3n P\u00fablica del Estado de Colima.<\/p>\n","protected":false},"excerpt":{"rendered":"<p>En conjunto con SEDATU y la Comisi\u00f3n de Desarrollo Urbano y Vivienda se crea un modelo que sentar\u00e1 las bases del desarrollo del municipio de Colima para los pr\u00f3ximos 50 a\u00f1os. El gobierno encabezado por la presidenta municipal Margarita Moreno hace historia, al sentar las bases de un futuro con mayor orden y planeaci\u00f3n, una&#8230;<\/p>\n","protected":false},"author":2,"featured_media":30680,"comment_status":"open","ping_status":"open","sticky":false,"template":"","format":"standard","meta":{"footnotes":""},"categories":[36,8],"tags":[29,30,28],"class_list":["post-30679","post","type-post","status-publish","format-standard","has-post-thumbnail","hentry","category-colima","category-municipios","tag-grid","tag-news","tag-slider"],"_links":{"self":[{"href":"http:\/\/elobservatorio.com.mx\/index.php?rest_route=\/wp\/v2\/posts\/30679"}],"collection":[{"href":"http:\/\/elobservatorio.com.mx\/index.php?rest_route=\/wp\/v2\/posts"}],"about":[{"href":"http:\/\/elobservatorio.com.mx\/index.php?rest_route=\/wp\/v2\/types\/post"}],"author":[{"embeddable":true,"href":"http:\/\/elobservatorio.com.mx\/index.php?rest_route=\/wp\/v2\/users\/2"}],"replies":[{"embeddable":true,"href":"http:\/\/elobservatorio.com.mx\/index.php?rest_route=%2Fwp%2Fv2%2Fcomments&post=30679"}],"version-history":[{"count":1,"href":"http:\/\/elobservatorio.com.mx\/index.php?rest_route=\/wp\/v2\/posts\/30679\/revisions"}],"predecessor-version":[{"id":30681,"href":"http:\/\/elobservatorio.com.mx\/index.php?rest_route=\/wp\/v2\/posts\/30679\/revisions\/30681"}],"wp:featuredmedia":[{"embeddable":true,"href":"http:\/\/elobservatorio.com.mx\/index.php?rest_route=\/wp\/v2\/media\/30680"}],"wp:attachment":[{"href":"http:\/\/elobservatorio.com.mx\/index.php?rest_route=%2Fwp%2Fv2%2Fmedia&parent=30679"}],"wp:term":[{"taxonomy":"category","embeddable":true,"href":"http:\/\/elobservatorio.com.mx\/index.php?rest_route=%2Fwp%2Fv2%2Fcategories&post=30679"},{"taxonomy":"post_tag","embeddable":true,"href":"http:\/\/elobservatorio.com.mx\/index.php?rest_route=%2Fwp%2Fv2%2Ftags&post=30679"}],"curies":[{"name":"wp","href":"https:\/\/api.w.org\/{rel}","templated":true}]}}