{"id":30688,"date":"2024-07-24T23:51:45","date_gmt":"2024-07-25T05:51:45","guid":{"rendered":"http:\/\/elobservatorio.com.mx\/?p=30688"},"modified":"2024-07-24T23:51:45","modified_gmt":"2024-07-25T05:51:45","slug":"para-evitar-mas-polemica-nodal-y-angela-se-casan-en-privado","status":"publish","type":"post","link":"http:\/\/elobservatorio.com.mx\/?p=30688","title":{"rendered":"\u00bfPara evitar m\u00e1s pol\u00e9mica?: Nodal y \u00c1ngela se casan en privado"},"content":{"rendered":"<ul>\n<li><em>Fue Pepe Aguilar quien llev\u00f3 del brazo a su hija rumbo al altar, en donde ya la esperaba Christian Nodal con un traje blanco<\/em><\/li>\n<\/ul>\n<p>Los cantantes Angela\u00a0 Aguilar y Christian Nodal se casaron la tarde de este mi\u00e9rcoles 24 de julio, en una exclusiva hacienda en Morelos, confirm\u00f3 la Revista Qui\u00e9n.<\/p>\n<p>Como era de esperarse\u00a0fue Pepe Aguilar quien llev\u00f3 del brazo a su hija rumbo al altar,en donde ya la esperaba Christian Nodal con un traje blanco.<\/p>\n<p>Fue este mismo mi\u00e9rcoles que comenz\u00f3 a circular en redes sociales un video de \u00c1ngela Aguilar con su vestido nupcial acompa\u00f1ada de otras tres personas en el jard\u00edn de la Hacienda San Gabriel de las Palmas, en el estado de Morelos.<\/p>\n<p>Con un vestido blanco corte recto, de mangas largas y espalda descubierta fue como la joven de 20 a\u00f1os se cas\u00f3 con el tambi\u00e9n cantante del regional mexicano\u00a0a pocos meses de que confirmaran su relaci\u00f3n.<\/p>\n<p>Adem\u00e1s en las fotos se puede ver a Pepe Aguilar con un traje color negro, mirando a su hija con amor mientras la lleva hacia su ahora yerno.<\/p>\n<p>En redes sociales circul\u00f3 que entre los pocos invitados, pues se trat\u00f3 de un evento privado, acudieron Marc Anthony, junto a su esposa Nadie Ferreira.<\/p>\n<p>Recordemos que durante el viaje reciente a Europa de la pareja, una maquillista especializado en novias comparti\u00f3 que hab\u00eda estado realizando pruebas con la int\u00e9rprete de \u201cDime como quieras\u201d, por lo que en ese entonces surgi\u00f3 el rumor de que se hab\u00edan casado all\u00e1, sin embargo, al parecer en ese viaje Angela escogi\u00f3 el vestido y los preparativos de su maquillaje que estar\u00eda luciendo esta tarde en Morelos.<\/p>\n<p>Adem\u00e1s se conoce que durante el viaje a Europa, la pareja recibi\u00f3 la bendici\u00f3n del Papa Francisco.<\/p>\n<p><img loading=\"lazy\" decoding=\"async\" class=\"alignnone wp-image-30689 size-full\" src=\"http:\/\/elobservatorio.com.mx\/wp-content\/uploads\/2024\/07\/boda.png\" alt=\"\" width=\"701\" height=\"455\" srcset=\"http:\/\/elobservatorio.com.mx\/wp-content\/uploads\/2024\/07\/boda.png 701w, http:\/\/elobservatorio.com.mx\/wp-content\/uploads\/2024\/07\/boda-300x195.png 300w\" sizes=\"(max-width: 701px) 100vw, 701px\" \/> <img loading=\"lazy\" decoding=\"async\" class=\"alignnone wp-image-30690 size-full\" src=\"http:\/\/elobservatorio.com.mx\/wp-content\/uploads\/2024\/07\/boda-1.png\" alt=\"\" width=\"693\" height=\"491\" srcset=\"http:\/\/elobservatorio.com.mx\/wp-content\/uploads\/2024\/07\/boda-1.png 693w, http:\/\/elobservatorio.com.mx\/wp-content\/uploads\/2024\/07\/boda-1-300x213.png 300w, http:\/\/elobservatorio.com.mx\/wp-content\/uploads\/2024\/07\/boda-1-100x70.png 100w\" sizes=\"(max-width: 693px) 100vw, 693px\" \/><\/p>\n<p><em>Con informaci\u00f3n de El Informador\u00a0<\/em><\/p>\n","protected":false},"excerpt":{"rendered":"<p>Fue Pepe Aguilar quien llev\u00f3 del brazo a su hija rumbo al altar, en donde ya la esperaba Christian Nodal con un traje blanco Los cantantes Angela\u00a0 Aguilar y Christian Nodal se casaron la tarde de este mi\u00e9rcoles 24 de julio, en una exclusiva hacienda en Morelos, confirm\u00f3 la Revista Qui\u00e9n. Como era de esperarse\u00a0fue&#8230;<\/p>\n","protected":false},"author":2,"featured_media":30690,"comment_status":"open","ping_status":"open","sticky":false,"template":"","format":"standard","meta":{"footnotes":""},"categories":[32],"tags":[29,30,28],"class_list":["post-30688","post","type-post","status-publish","format-standard","has-post-thumbnail","hentry","category-escenario","tag-grid","tag-news","tag-slider"],"_links":{"self":[{"href":"http:\/\/elobservatorio.com.mx\/index.php?rest_route=\/wp\/v2\/posts\/30688"}],"collection":[{"href":"http:\/\/elobservatorio.com.mx\/index.php?rest_route=\/wp\/v2\/posts"}],"about":[{"href":"http:\/\/elobservatorio.com.mx\/index.php?rest_route=\/wp\/v2\/types\/post"}],"author":[{"embeddable":true,"href":"http:\/\/elobservatorio.com.mx\/index.php?rest_route=\/wp\/v2\/users\/2"}],"replies":[{"embeddable":true,"href":"http:\/\/elobservatorio.com.mx\/index.php?rest_route=%2Fwp%2Fv2%2Fcomments&post=30688"}],"version-history":[{"count":1,"href":"http:\/\/elobservatorio.com.mx\/index.php?rest_route=\/wp\/v2\/posts\/30688\/revisions"}],"predecessor-version":[{"id":30692,"href":"http:\/\/elobservatorio.com.mx\/index.php?rest_route=\/wp\/v2\/posts\/30688\/revisions\/30692"}],"wp:featuredmedia":[{"embeddable":true,"href":"http:\/\/elobservatorio.com.mx\/index.php?rest_route=\/wp\/v2\/media\/30690"}],"wp:attachment":[{"href":"http:\/\/elobservatorio.com.mx\/index.php?rest_route=%2Fwp%2Fv2%2Fmedia&parent=30688"}],"wp:term":[{"taxonomy":"category","embeddable":true,"href":"http:\/\/elobservatorio.com.mx\/index.php?rest_route=%2Fwp%2Fv2%2Fcategories&post=30688"},{"taxonomy":"post_tag","embeddable":true,"href":"http:\/\/elobservatorio.com.mx\/index.php?rest_route=%2Fwp%2Fv2%2Ftags&post=30688"}],"curies":[{"name":"wp","href":"https:\/\/api.w.org\/{rel}","templated":true}]}}