{"id":30695,"date":"2024-08-05T10:28:40","date_gmt":"2024-08-05T16:28:40","guid":{"rendered":"http:\/\/elobservatorio.com.mx\/?p=30695"},"modified":"2024-08-05T10:28:40","modified_gmt":"2024-08-05T16:28:40","slug":"interesa-a-diputado-federal-electo-trabajar-temas-sociales-y-de-emprendimiento-con-la-udec","status":"publish","type":"post","link":"http:\/\/elobservatorio.com.mx\/?p=30695","title":{"rendered":"Interesa a diputado federal electo trabajar temas sociales y de emprendimiento con la UdeC"},"content":{"rendered":"<p><em>*Se trata de Felipe Delgado, quien acudi\u00f3 a la Universidad acompa\u00f1ado de representantes de empresas y asociaciones civiles.<\/em><\/p>\n<p>Este fin de semana, un grupo de representantes de empresas y asociaciones civiles, encabezado por el diputado federal electo Felipe Miguel Delgado Carrillo, visit\u00f3 al rector de la Universidad de Colima, Christian Torres Ortiz Zerme\u00f1o, para ver c\u00f3mo pueden trabajar juntos en proyectos de inter\u00e9s social y de beneficio para la comunidad estudiantil.<\/p>\n<p>El rector los recibi\u00f3 en la sala de protocolo y les habl\u00f3 de las fortalezas de esta casa de estudios, sobre todo en temas como internacionalizaci\u00f3n, cuidado del medio ambiente, de emprendimiento y beneficio comunitario.<\/p>\n<p>Luego de escuchar sus planteamientos, el rector dijo que pueden contar con la UdeC para colaborar en estos temas; \u201ctenemos toda la disposici\u00f3n para trabajar y hacer sinergia, pues contamos con experiencia y capital humano calificado\u201d.<\/p>\n<p>&nbsp;<\/p>\n<p>&nbsp;<\/p>\n","protected":false},"excerpt":{"rendered":"<p>*Se trata de Felipe Delgado, quien acudi\u00f3 a la Universidad acompa\u00f1ado de representantes de empresas y asociaciones civiles. Este fin de semana, un grupo de representantes de empresas y asociaciones civiles, encabezado por el diputado federal electo Felipe Miguel Delgado Carrillo, visit\u00f3 al rector de la Universidad de Colima, Christian Torres Ortiz Zerme\u00f1o, para ver&#8230;<\/p>\n","protected":false},"author":2,"featured_media":30696,"comment_status":"open","ping_status":"open","sticky":false,"template":"","format":"standard","meta":{"footnotes":""},"categories":[14],"tags":[29,30,28],"class_list":["post-30695","post","type-post","status-publish","format-standard","has-post-thumbnail","hentry","category-educacion-y-cultura","tag-grid","tag-news","tag-slider"],"_links":{"self":[{"href":"http:\/\/elobservatorio.com.mx\/index.php?rest_route=\/wp\/v2\/posts\/30695"}],"collection":[{"href":"http:\/\/elobservatorio.com.mx\/index.php?rest_route=\/wp\/v2\/posts"}],"about":[{"href":"http:\/\/elobservatorio.com.mx\/index.php?rest_route=\/wp\/v2\/types\/post"}],"author":[{"embeddable":true,"href":"http:\/\/elobservatorio.com.mx\/index.php?rest_route=\/wp\/v2\/users\/2"}],"replies":[{"embeddable":true,"href":"http:\/\/elobservatorio.com.mx\/index.php?rest_route=%2Fwp%2Fv2%2Fcomments&post=30695"}],"version-history":[{"count":1,"href":"http:\/\/elobservatorio.com.mx\/index.php?rest_route=\/wp\/v2\/posts\/30695\/revisions"}],"predecessor-version":[{"id":30697,"href":"http:\/\/elobservatorio.com.mx\/index.php?rest_route=\/wp\/v2\/posts\/30695\/revisions\/30697"}],"wp:featuredmedia":[{"embeddable":true,"href":"http:\/\/elobservatorio.com.mx\/index.php?rest_route=\/wp\/v2\/media\/30696"}],"wp:attachment":[{"href":"http:\/\/elobservatorio.com.mx\/index.php?rest_route=%2Fwp%2Fv2%2Fmedia&parent=30695"}],"wp:term":[{"taxonomy":"category","embeddable":true,"href":"http:\/\/elobservatorio.com.mx\/index.php?rest_route=%2Fwp%2Fv2%2Fcategories&post=30695"},{"taxonomy":"post_tag","embeddable":true,"href":"http:\/\/elobservatorio.com.mx\/index.php?rest_route=%2Fwp%2Fv2%2Ftags&post=30695"}],"curies":[{"name":"wp","href":"https:\/\/api.w.org\/{rel}","templated":true}]}}