{"id":30752,"date":"2024-08-23T13:09:11","date_gmt":"2024-08-23T19:09:11","guid":{"rendered":"http:\/\/elobservatorio.com.mx\/?p=30752"},"modified":"2024-08-23T13:09:11","modified_gmt":"2024-08-23T19:09:11","slug":"congreso-abroga-ley-para-prevenir-y-sancionar-la-tortura-y-otros-tratos-crueles-inhumanos-o-degradantes-atendiendo-reforma-constitucional","status":"publish","type":"post","link":"http:\/\/elobservatorio.com.mx\/?p=30752","title":{"rendered":"Congreso abroga Ley para Prevenir y Sancionar la Tortura y otros Tratos Crueles, Inhumanos o Degradantes, atendiendo reforma constitucional"},"content":{"rendered":"<p>El Pleno de la Sexag\u00e9sima Legislatura del H. Congreso del Estado de Colima aprobaron abrogar la Ley para Prevenir y Sancionar la Tortura y otros Tratos Crueles, Inhumanos o Degradantes, publicada en el peri\u00f3dico oficial \u201cEl Estado de Colima\u201d, mediante Decreto 401 de fecha 25 de octubre de 2014, con el objetivo de atender el mandato legislativo, en cumplimiento de lo dispuesto por la reforma publicada con fecha 10 de julio del 2015 al art\u00edculo 73, fracci\u00f3n XXI, inciso a), de la Constituci\u00f3n Pol\u00edtica de los Estados Unidos Mexicanos, por la cual se modific\u00f3 el sistema de distribuci\u00f3n competencial en materia de tortura, reserv\u00e1ndose como facultad exclusiva del Congreso de la Uni\u00f3n el expedir leyes generales que establezcan los tipos penales y sanciones, entre otras, en materia de tortura y otros tratos o penas crueles, inhumanos o degradantes.<\/p>\n<p>De acuerdo con el Decreto aprobado, presentado durante la \u00faltima Sesi\u00f3n Ordinaria por el diputado Crisp\u00edn Guerra C\u00e1rdenas, esta Ley estatal era \u201cvigente pero no v\u00e1lida, en virtud de que cualquier aplicaci\u00f3n de la misma carece de efectividad y podr\u00eda ser controvertida en los Tribunales Federales. Adem\u00e1s que de que los servidores p\u00fablicos que atienden los casos de tortura y otros tratos crueles inhumanos y degradantes, forzosamente est\u00e1n obligados a aplicar la Ley General para Prevenir, Investigar y Sancionar la Tortura y otros Tratos o Penas Crueles, Inhumanos o Degradantes, expedida el 26 de junio de 2017, por lo que la ley estatal carece ya de toda aplicaci\u00f3n pr\u00e1ctica. Lo anterior no quiere decir que la tortura as\u00ed como otros tratos crueles, inhumanos y degradantes se dejar\u00e1n de prevenir y sancionar en Estado de Colima, lo \u00fanico que cambia es la ley aplicable pues como ya mencionamos esta ser\u00e1 la Ley General\u201d. Adem\u00e1s, se debe mencionar que ya hay criterios y razonamientos definidos de la Suprema Corte de Justicia de la Naci\u00f3n donde se ha invalidado normativas estatales de esta materia.<\/p>\n<p>Por tanto, con este Decreto, se expone:<\/p>\n<p>\u201cPRIMERO.- Se ABROGA la Ley para Prevenir y Sancionar la Tortura y otros Tratos Crueles, Inhumanos o Degradantes, publicada en el peri\u00f3dico oficial \u201cEl Estado de Colima\u201d, mediante Decreto 401 de fecha 25 de octubre de 2014\u201d.<\/p>\n<p>En sus transitorios, se establece:<\/p>\n<p>\u201cPrimero. &#8211; El presente decreto entrar\u00e1 en vigor al d\u00eda siguiente a su publicaci\u00f3n en el Peri\u00f3dico Oficial \u00abEl Estado de Colima;<\/p>\n<p>Segundo.\u2013 En t\u00e9rminos de lo dispuesto en el Decreto por el que se reforma el art\u00edculo 73, fracci\u00f3n XXI, inciso a) de la Constituci\u00f3n Pol\u00edtica de los Estados Unidos Mexicanos, publicado en el Diario Oficial de la Federaci\u00f3n el 10 de julio de 2015, as\u00ed como en los efectos del presente Decreto donde se abroga la Ley para Prevenir y Sancionar la Tortura y otros Tratos Crueles, Inhumanos o Degradantes, publicada en el peri\u00f3dico oficial \u201cEl Estado de Colima\u201d, mediante Decreto 401 de fecha 25 de octubre de 2014. Los hechos cometidos y los procedimientos iniciados antes de la vigencia de la Ley General para Prevenir, Investigar y Sancionar la Tortura y Otros Tratos o Penas Crueles, Inhumanos o Degradantes, se sustanciar\u00e1n o continuar\u00e1n su sustanciaci\u00f3n de conformidad con la legislaci\u00f3n aplicable en el momento de su comisi\u00f3n o del inicio de los procedimientos;<\/p>\n<p>Tercero. &#8211; Queda derogada toda disposici\u00f3n que contravenga lo dispuesto por el presente Decreto\u201d.<\/p>\n","protected":false},"excerpt":{"rendered":"<p>El Pleno de la Sexag\u00e9sima Legislatura del H. Congreso del Estado de Colima aprobaron abrogar la Ley para Prevenir y Sancionar la Tortura y otros Tratos Crueles, Inhumanos o Degradantes, publicada en el peri\u00f3dico oficial \u201cEl Estado de Colima\u201d, mediante Decreto 401 de fecha 25 de octubre de 2014, con el objetivo de atender el&#8230;<\/p>\n","protected":false},"author":2,"featured_media":30753,"comment_status":"open","ping_status":"open","sticky":false,"template":"","format":"standard","meta":{"footnotes":""},"categories":[1],"tags":[29,30,28],"class_list":["post-30752","post","type-post","status-publish","format-standard","has-post-thumbnail","hentry","category-espacio-legislativo","tag-grid","tag-news","tag-slider"],"_links":{"self":[{"href":"http:\/\/elobservatorio.com.mx\/index.php?rest_route=\/wp\/v2\/posts\/30752"}],"collection":[{"href":"http:\/\/elobservatorio.com.mx\/index.php?rest_route=\/wp\/v2\/posts"}],"about":[{"href":"http:\/\/elobservatorio.com.mx\/index.php?rest_route=\/wp\/v2\/types\/post"}],"author":[{"embeddable":true,"href":"http:\/\/elobservatorio.com.mx\/index.php?rest_route=\/wp\/v2\/users\/2"}],"replies":[{"embeddable":true,"href":"http:\/\/elobservatorio.com.mx\/index.php?rest_route=%2Fwp%2Fv2%2Fcomments&post=30752"}],"version-history":[{"count":1,"href":"http:\/\/elobservatorio.com.mx\/index.php?rest_route=\/wp\/v2\/posts\/30752\/revisions"}],"predecessor-version":[{"id":30754,"href":"http:\/\/elobservatorio.com.mx\/index.php?rest_route=\/wp\/v2\/posts\/30752\/revisions\/30754"}],"wp:featuredmedia":[{"embeddable":true,"href":"http:\/\/elobservatorio.com.mx\/index.php?rest_route=\/wp\/v2\/media\/30753"}],"wp:attachment":[{"href":"http:\/\/elobservatorio.com.mx\/index.php?rest_route=%2Fwp%2Fv2%2Fmedia&parent=30752"}],"wp:term":[{"taxonomy":"category","embeddable":true,"href":"http:\/\/elobservatorio.com.mx\/index.php?rest_route=%2Fwp%2Fv2%2Fcategories&post=30752"},{"taxonomy":"post_tag","embeddable":true,"href":"http:\/\/elobservatorio.com.mx\/index.php?rest_route=%2Fwp%2Fv2%2Ftags&post=30752"}],"curies":[{"name":"wp","href":"https:\/\/api.w.org\/{rel}","templated":true}]}}