{"id":30755,"date":"2024-08-23T13:31:49","date_gmt":"2024-08-23T19:31:49","guid":{"rendered":"http:\/\/elobservatorio.com.mx\/?p=30755"},"modified":"2024-08-23T13:31:49","modified_gmt":"2024-08-23T19:31:49","slug":"es-inevitable-hablar-mal-de-la-cultura-en-colima","status":"publish","type":"post","link":"http:\/\/elobservatorio.com.mx\/?p=30755","title":{"rendered":"Es inevitable hablar (mal) de la Cultura en Colima"},"content":{"rendered":"<p class=\"x_MsoNormal\"><b><span lang=\"ES-TRAD\">PARACA\u00cdDAS<\/span><\/b><\/p>\n<p class=\"x_MsoNormal\"><em><span lang=\"ES-TRAD\">\u00a0<\/span><span lang=\"ES-TRAD\">Rogelio Guedea<\/span><\/em><\/p>\n<p class=\"x_MsoNormal\"><b><span lang=\"ES-TRAD\">\u00a0<\/span><\/b><span lang=\"ES-TRAD\">No me lleg\u00f3 una, ni dos, ni tres, sino quince veces el video que muestra el completo deterioro y abandono en el que est\u00e1 el edificio que alberga a la ahora degradada Subsecretar\u00eda de Cultura de nuestra entidad. Ni siquiera lo tuve que ver para darme cuenta de ello. <\/span><\/p>\n<p class=\"x_MsoNormal\"><span lang=\"ES-TRAD\">Yo paso por ah\u00ed casi todos los d\u00edas y puedo ver incluso que la escultura de las palabras lo que da es pena, y eso que es la mayor carta de presentaci\u00f3n del edificio de la Subsecretar\u00eda. En realidad causa verg\u00fcenza, l\u00e1stima y coraje porque, curiosamente, en este caso el edificio es la representaci\u00f3n viva de c\u00f3mo est\u00e1 realmente la cultura hoy en nuestro estado, por parte de la Subsecretar\u00eda de Cultura: abandonada, deteriorada, casi inservible. <\/span><\/p>\n<p class=\"x_MsoNormal\"><span lang=\"ES-TRAD\">No hay exposiciones relevantes, no hay publicaciones relevantes, no hay apoyos relevantes y adem\u00e1s se remilgan, las ferias de libro son m\u00e1s que mediocres (considerando la infraestructura de nuestro estado), los eventos culturales sin resonancia, todo va sin direcci\u00f3n y dando ufanos bandazos. Antes uno pod\u00eda decir que la inercia hac\u00eda maravillas en aquellas instituciones que padec\u00edan una mala direcci\u00f3n, pero ahora ya ni siquiera la inercia parece salvar la labor realmente insustancial del subsecretario de Cultura Emiliano Zizumbo, quien aparece en la ficha de gobierno del Estado como m\u00fasico, compositor, productor musical, gestor cultural y hasta empresario, nada de lo cual ha sido suficiente para poner a esta Subsecretar\u00eda a la altura de las circunstancias de tantos artistas y creadores colimenses destacados y en espera de oportunidades para seguir creciendo en sus disciplinas. Candil de la calle y oscuridad de su casa, no ha habido un solo miembro del personal de la Subsecretar\u00eda de Cultura que no me haya hablado mal de la gesti\u00f3n de Zizumbo. <\/span><\/p>\n<p class=\"x_MsoNormal\"><span lang=\"ES-TRAD\">No dir\u00e9 nombres para que no haya represalias, porque para eso s\u00ed se pintan solos, pero afirman que lo \u00fanico que reciben es indiferencia y soberbia. Hay mucha gente capaz en la Subsecretar\u00eda, me consta, pero si la cabeza que es Zizumbo confunde lo que es una brecha de lo que es una calle o una autopista, entonces todo se va de bruces. <\/span><\/p>\n<p class=\"x_MsoNormal\"><span lang=\"ES-TRAD\">Es muy lamentable que la gobernadora Indira Vizca\u00edno permita que este bien tan grande que tenemos los colimenses, como lo es nuestro arte y nuestra cultura, que tantas glorias ha dado a nivel nacional e internacional, caiga a niveles vergonzosos sin que d\u00e9 una vuelta de tim\u00f3n ahora en sus \u00faltimos tres a\u00f1os de gobierno, poni\u00e9ndolo en manos menos fr\u00edvolas y m\u00e1s laboriosas. Los creadores colimenses lo \u00faltimo que necesitan es ser ninguneados por las autoridades de cultura. <\/span><\/p>\n<p class=\"x_MsoNormal\"><span lang=\"ES-TRAD\">\u00c9stas deben ser sus catapultas, no sus sepultureras. Ojal\u00e1 que vengan mejores tiempos y podamos aspirar a recuperar (si no la gloria) al menos la dignidad que antes ten\u00edan las artes y la cultura en nuestra localidad, por el bien no s\u00f3lo de los artistas y creadores sino de la sociedad colimense en general.\u00a0<\/span><\/p>\n<div><\/div>\n","protected":false},"excerpt":{"rendered":"<p>PARACA\u00cdDAS \u00a0Rogelio Guedea \u00a0No me lleg\u00f3 una, ni dos, ni tres, sino quince veces el video que muestra el completo deterioro y abandono en el que est\u00e1 el edificio que alberga a la ahora degradada Subsecretar\u00eda de Cultura de nuestra entidad. Ni siquiera lo tuve que ver para darme cuenta de ello. Yo paso por&#8230;<\/p>\n","protected":false},"author":2,"featured_media":25398,"comment_status":"open","ping_status":"open","sticky":false,"template":"","format":"standard","meta":{"footnotes":""},"categories":[11],"tags":[29,30,28],"class_list":["post-30755","post","type-post","status-publish","format-standard","has-post-thumbnail","hentry","category-opinion","tag-grid","tag-news","tag-slider"],"_links":{"self":[{"href":"http:\/\/elobservatorio.com.mx\/index.php?rest_route=\/wp\/v2\/posts\/30755"}],"collection":[{"href":"http:\/\/elobservatorio.com.mx\/index.php?rest_route=\/wp\/v2\/posts"}],"about":[{"href":"http:\/\/elobservatorio.com.mx\/index.php?rest_route=\/wp\/v2\/types\/post"}],"author":[{"embeddable":true,"href":"http:\/\/elobservatorio.com.mx\/index.php?rest_route=\/wp\/v2\/users\/2"}],"replies":[{"embeddable":true,"href":"http:\/\/elobservatorio.com.mx\/index.php?rest_route=%2Fwp%2Fv2%2Fcomments&post=30755"}],"version-history":[{"count":1,"href":"http:\/\/elobservatorio.com.mx\/index.php?rest_route=\/wp\/v2\/posts\/30755\/revisions"}],"predecessor-version":[{"id":30756,"href":"http:\/\/elobservatorio.com.mx\/index.php?rest_route=\/wp\/v2\/posts\/30755\/revisions\/30756"}],"wp:featuredmedia":[{"embeddable":true,"href":"http:\/\/elobservatorio.com.mx\/index.php?rest_route=\/wp\/v2\/media\/25398"}],"wp:attachment":[{"href":"http:\/\/elobservatorio.com.mx\/index.php?rest_route=%2Fwp%2Fv2%2Fmedia&parent=30755"}],"wp:term":[{"taxonomy":"category","embeddable":true,"href":"http:\/\/elobservatorio.com.mx\/index.php?rest_route=%2Fwp%2Fv2%2Fcategories&post=30755"},{"taxonomy":"post_tag","embeddable":true,"href":"http:\/\/elobservatorio.com.mx\/index.php?rest_route=%2Fwp%2Fv2%2Ftags&post=30755"}],"curies":[{"name":"wp","href":"https:\/\/api.w.org\/{rel}","templated":true}]}}