{"id":30757,"date":"2024-08-23T14:22:16","date_gmt":"2024-08-23T20:22:16","guid":{"rendered":"http:\/\/elobservatorio.com.mx\/?p=30757"},"modified":"2024-08-23T14:22:16","modified_gmt":"2024-08-23T20:22:16","slug":"ternium-impulsa-un-futuro-verde-junto-a-la-universidad-de-colima","status":"publish","type":"post","link":"http:\/\/elobservatorio.com.mx\/?p=30757","title":{"rendered":"Ternium impulsa un futuro verde junto a la Universidad de Colima"},"content":{"rendered":"<ul>\n<li><em>Expertos de Ternium y Pe\u00f1a Colorada compartir\u00e1n sus mejores pr\u00e1cticas ambientales con estudiantes de bachillerato para fortalecer su formaci\u00f3n acad\u00e9mica.<\/em><\/li>\n<li><em>Ternium ha ahorrado 7.5 millones de metros c\u00fabicos de agua, plantando 750 mil \u00e1rboles y reubicado 5,600 animales en los \u00faltimos 17 a\u00f1os.<\/em><\/li>\n<li><em>Pe\u00f1a Colorada ha reforestado 1,000 hect\u00e1reas con la meta de alcanzar 5 mil en 10 a\u00f1os, mientras que la Universidad de Colima involucrar\u00e1 a 10 mil estudiantes en la plantaci\u00f3n y cuidado de \u00e1rboles.<\/em><\/li>\n<\/ul>\n<p><strong>Colima, a 23 de agosto del 2024.<\/strong> Ternium, Pe\u00f1a Colorada, Holcim M\u00e9xico y Embotelladora de Colima S.A. de C.V. colaborar\u00e1n en un programa de Pr\u00e1cticas Acad\u00e9micas Ambientales para estudiantes de educaci\u00f3n media superior de la Universidad de Colima (UdeC). El objetivo del programa es que tanto estudiantes como docentes se familiaricen con las buenas pr\u00e1cticas ambientales de estas empresas, reconocidas por su responsabilidad social y sea un parteaguas vocacional para los estudiantes.<\/p>\n<p>El programa estar\u00e1 corriendo a partir de este mes de agosto hasta enero 2025 y se realizar\u00e1 en el Rancho El Peregrino, un proyecto de preservaci\u00f3n ambiental de la universidad.<\/p>\n<p>Durante el evento, <strong>Christian Torres<\/strong>, Rector de la Universidad de Colima; <strong>Rogelio Oma\u00f1a<\/strong>, Community Relations Director de Ternium; <strong>Jes\u00fas Hern\u00e1ndez<\/strong>, Gerente de Relaciones con la Comunidad en Pe\u00f1a Colorada; <strong>Marco Becerra<\/strong>, Director de Planta en Holcim Tecom\u00e1n; y <strong>Francisco Brun<\/strong>, Director Adjunto de Embotelladora de Colima S.A. de C.V., presentaron algunas de las acciones que sus respectivas empresas est\u00e1n llevando a cabo en favor del medio ambiente.<\/p>\n<p>\u201cEn Ternium, hemos asumido un firme compromiso con la protecci\u00f3n del medio ambiente. Por ello, contamos con una Pol\u00edtica Ambiental y Energ\u00e9tica que gu\u00eda todas nuestras acciones, asegurando que operemos de manera cada vez m\u00e1s ecoeficiente. Solo en nuestras \u00e1reas de operaci\u00f3n minera, hemos logrado ahorrar 7.5 millones de metros c\u00fabicos de agua en nuestros procesos\u201d, destac\u00f3 Oma\u00f1a.<\/p>\n<p>El representante de Ternium tambi\u00e9n mencion\u00f3 que se han plantado m\u00e1s de 750 mil \u00e1rboles en reforestaciones internas y sociales, adem\u00e1s de gestionar la reubicaci\u00f3n de 5,600 animales en los \u00faltimos 17 a\u00f1os.<\/p>\n<p>Pe\u00f1a Colorada ofrecer\u00e1 cuatro charlas enfocadas en rescate de flora y fauna, la administraci\u00f3n de la Unidad de Manejo Ambiental, el monitoreo de felinos y los programas de reforestaci\u00f3n. <strong>Jes\u00fas Hern\u00e1ndez<\/strong>, Gerente de Relaciones con la Comunidad en Pe\u00f1a Colorada, agreg\u00f3: \u201cActualmente, hemos reforestado 1,000 hect\u00e1reas, y en los pr\u00f3ximos 10 a\u00f1os esperamos alcanzar m\u00e1s de 5 mil hect\u00e1reas\u201d.<\/p>\n<p>Para concluir el evento, el Rector de la Universidad de Colima, agradeci\u00f3 la participaci\u00f3n de las cuatro empresas aliadas y anunci\u00f3 que, como parte del Programa ReforestAcci\u00f3n, se requerir\u00e1 que todos los estudiantes que ingresen a la Universidad de Colima planten y cuiden un \u00e1rbol. \u201cEste compromiso involucrar\u00e1 a 10 mil estudiantes desde el nivel medio superior hasta posgrado, refleja el compromiso de la universidad y de sus estudiantes con el planeta\u201d, finaliz\u00f3.<\/p>\n","protected":false},"excerpt":{"rendered":"<p>Expertos de Ternium y Pe\u00f1a Colorada compartir\u00e1n sus mejores pr\u00e1cticas ambientales con estudiantes de bachillerato para fortalecer su formaci\u00f3n acad\u00e9mica. Ternium ha ahorrado 7.5 millones de metros c\u00fabicos de agua, plantando 750 mil \u00e1rboles y reubicado 5,600 animales en los \u00faltimos 17 a\u00f1os. Pe\u00f1a Colorada ha reforestado 1,000 hect\u00e1reas con la meta de alcanzar 5&#8230;<\/p>\n","protected":false},"author":2,"featured_media":30758,"comment_status":"open","ping_status":"open","sticky":false,"template":"","format":"standard","meta":{"footnotes":""},"categories":[12],"tags":[29,30,28],"class_list":["post-30757","post","type-post","status-publish","format-standard","has-post-thumbnail","hentry","category-sociedad","tag-grid","tag-news","tag-slider"],"_links":{"self":[{"href":"http:\/\/elobservatorio.com.mx\/index.php?rest_route=\/wp\/v2\/posts\/30757"}],"collection":[{"href":"http:\/\/elobservatorio.com.mx\/index.php?rest_route=\/wp\/v2\/posts"}],"about":[{"href":"http:\/\/elobservatorio.com.mx\/index.php?rest_route=\/wp\/v2\/types\/post"}],"author":[{"embeddable":true,"href":"http:\/\/elobservatorio.com.mx\/index.php?rest_route=\/wp\/v2\/users\/2"}],"replies":[{"embeddable":true,"href":"http:\/\/elobservatorio.com.mx\/index.php?rest_route=%2Fwp%2Fv2%2Fcomments&post=30757"}],"version-history":[{"count":1,"href":"http:\/\/elobservatorio.com.mx\/index.php?rest_route=\/wp\/v2\/posts\/30757\/revisions"}],"predecessor-version":[{"id":30759,"href":"http:\/\/elobservatorio.com.mx\/index.php?rest_route=\/wp\/v2\/posts\/30757\/revisions\/30759"}],"wp:featuredmedia":[{"embeddable":true,"href":"http:\/\/elobservatorio.com.mx\/index.php?rest_route=\/wp\/v2\/media\/30758"}],"wp:attachment":[{"href":"http:\/\/elobservatorio.com.mx\/index.php?rest_route=%2Fwp%2Fv2%2Fmedia&parent=30757"}],"wp:term":[{"taxonomy":"category","embeddable":true,"href":"http:\/\/elobservatorio.com.mx\/index.php?rest_route=%2Fwp%2Fv2%2Fcategories&post=30757"},{"taxonomy":"post_tag","embeddable":true,"href":"http:\/\/elobservatorio.com.mx\/index.php?rest_route=%2Fwp%2Fv2%2Ftags&post=30757"}],"curies":[{"name":"wp","href":"https:\/\/api.w.org\/{rel}","templated":true}]}}