{"id":30825,"date":"2024-09-04T18:19:40","date_gmt":"2024-09-05T00:19:40","guid":{"rendered":"https:\/\/elobservatorio.com.mx\/?p=30825"},"modified":"2024-09-04T18:19:40","modified_gmt":"2024-09-05T00:19:40","slug":"sostienen-reuniones-de-trabajo-rector-y-alcaldes-electos-de-ixtlahuacan-y-tecoman","status":"publish","type":"post","link":"http:\/\/elobservatorio.com.mx\/?p=30825","title":{"rendered":"Sostienen reuniones de trabajo rector y alcaldes electos de Ixtlahuac\u00e1n y Tecom\u00e1n"},"content":{"rendered":"<p><em>*Hablaron de firmar un convenio de colaboraci\u00f3n para formalizar las actividades, as\u00ed como de proyectos espec\u00edficos que se ir\u00e1n adaptando al vocacionamiento o las actividades econ\u00f3micas caracter\u00edsticas y a las necesidades de cada municipio.<\/em><\/p>\n<p>En el transcurso de este mi\u00e9rcoles, el rector de la Universidad de Colima (UdeC), Christian Jorge Torres Ortiz Zerme\u00f1o recibi\u00f3 la visita de los presidentes municipales electos de Ixtlahuac\u00e1n, Rafael Verduzco Mendoza y de Tecom\u00e1n, Armando Reyna Maga\u00f1a, en la sala de protocolo de rector\u00eda.<\/p>\n<p>Acompa\u00f1aron al rector funcionarios y funcionarias de las dependencia que pueden apoyar el trabajo de estos alcaldes una vez que tomen posesi\u00f3n del su responsabilidad, el pr\u00f3ximo 15 de octubre.<\/p>\n<p>Hablaron en general de firmar un convenio de colaboraci\u00f3n para formalizar las actividades entre cada ayuntamiento y la m\u00e1xima casa de estudios, as\u00ed como de proyectos espec\u00edficos que se ir\u00e1n adaptando al vocacionamiento o las actividades econ\u00f3micas caracter\u00edsticas y a las necesidades de cada municipio.<\/p>\n<p>Ante la situaci\u00f3n generalizada en el pa\u00eds de escasez de recursos, de inseguridad y de aumento de la demanda en planteles, el rector Christian Torres Ortiz habl\u00f3 de la necesidad de trabajar de manera coordinada, en equipo, y sumar las fortalezas de todos y todas para el bienestar de la comunidad.<\/p>\n<p>Acompa\u00f1aron al rector, por parte de la UdeC: Joel Nino Jr., secretario general; Carlos Montes, delegado de Tecom\u00e1n; Susana Preciado, coordinadora general de Docencia; Leobardo George, abogado general y Mario de Anda, director general de Educaci\u00f3n Superior.<\/p>\n<p>Tambi\u00e9n: Mart\u00edn Robles, director general de Educaci\u00f3n Media Superior; Javier Solorio, director general de Vinculaci\u00f3n; Cal\u00edope Mendoza, directora general de Servicio Social y Pr\u00e1cticas profesionales; Ana Lilia Moreno, directora general de Servicios Universitarios y Jes\u00fas Brizuela, director general de Educaci\u00f3n Continua.<\/p>\n","protected":false},"excerpt":{"rendered":"<p>*Hablaron de firmar un convenio de colaboraci\u00f3n para formalizar las actividades, as\u00ed como de proyectos espec\u00edficos que se ir\u00e1n adaptando al vocacionamiento o las actividades econ\u00f3micas caracter\u00edsticas y a las necesidades de cada municipio. En el transcurso de este mi\u00e9rcoles, el rector de la Universidad de Colima (UdeC), Christian Jorge Torres Ortiz Zerme\u00f1o recibi\u00f3 la&#8230;<\/p>\n","protected":false},"author":2,"featured_media":30826,"comment_status":"open","ping_status":"open","sticky":false,"template":"","format":"standard","meta":{"footnotes":""},"categories":[14],"tags":[29,30,28],"class_list":["post-30825","post","type-post","status-publish","format-standard","has-post-thumbnail","hentry","category-educacion-y-cultura","tag-grid","tag-news","tag-slider"],"_links":{"self":[{"href":"http:\/\/elobservatorio.com.mx\/index.php?rest_route=\/wp\/v2\/posts\/30825"}],"collection":[{"href":"http:\/\/elobservatorio.com.mx\/index.php?rest_route=\/wp\/v2\/posts"}],"about":[{"href":"http:\/\/elobservatorio.com.mx\/index.php?rest_route=\/wp\/v2\/types\/post"}],"author":[{"embeddable":true,"href":"http:\/\/elobservatorio.com.mx\/index.php?rest_route=\/wp\/v2\/users\/2"}],"replies":[{"embeddable":true,"href":"http:\/\/elobservatorio.com.mx\/index.php?rest_route=%2Fwp%2Fv2%2Fcomments&post=30825"}],"version-history":[{"count":1,"href":"http:\/\/elobservatorio.com.mx\/index.php?rest_route=\/wp\/v2\/posts\/30825\/revisions"}],"predecessor-version":[{"id":30827,"href":"http:\/\/elobservatorio.com.mx\/index.php?rest_route=\/wp\/v2\/posts\/30825\/revisions\/30827"}],"wp:featuredmedia":[{"embeddable":true,"href":"http:\/\/elobservatorio.com.mx\/index.php?rest_route=\/wp\/v2\/media\/30826"}],"wp:attachment":[{"href":"http:\/\/elobservatorio.com.mx\/index.php?rest_route=%2Fwp%2Fv2%2Fmedia&parent=30825"}],"wp:term":[{"taxonomy":"category","embeddable":true,"href":"http:\/\/elobservatorio.com.mx\/index.php?rest_route=%2Fwp%2Fv2%2Fcategories&post=30825"},{"taxonomy":"post_tag","embeddable":true,"href":"http:\/\/elobservatorio.com.mx\/index.php?rest_route=%2Fwp%2Fv2%2Ftags&post=30825"}],"curies":[{"name":"wp","href":"https:\/\/api.w.org\/{rel}","templated":true}]}}