{"id":30874,"date":"2024-09-05T20:20:09","date_gmt":"2024-09-06T02:20:09","guid":{"rendered":"https:\/\/elobservatorio.com.mx\/?p=30874"},"modified":"2024-09-05T20:20:42","modified_gmt":"2024-09-06T02:20:42","slug":"con-la-aprobacion-del-modelo-de-movilidad-avanza-el-segundo-acceso-al-puerto-de-manzanillo","status":"publish","type":"post","link":"http:\/\/elobservatorio.com.mx\/?p=30874","title":{"rendered":"Con la aprobaci\u00f3n del modelo de Movilidad, avanza el segundo acceso al Puerto de Manzanillo"},"content":{"rendered":"<p>Manzanillo, Colima, 05 de septiembre de 2024 \u2014 Este jueves, en instalaciones de la Administraci\u00f3n del Sistema Portuario Nacional Manzanillo (ASIPONA Manzanillo), se realiz\u00f3 una reuni\u00f3n de trabajo donde se present\u00f3 y aprob\u00f3 el Modelo Operativo de Movilidad del Segundo Ingreso al Recinto Portuario: Acceso Norte. Este modelo, desarrollado en colaboraci\u00f3n con el Instituto Mexicano del Transporte (IMT), es una pieza fundamental del Corredor Log\u00edstico Carretero de Colima y busca optimizar el flujo de transporte de carga, aliviando la carga vehicular en la vialidad Jalipa \u2013 Puerto \u2013 Jalipa.<\/p>\n<p>Durante la reuni\u00f3n, que cont\u00f3 con la presencia de autoridades locales, estatales y federales, se revisaron los detalles finales del proyecto y los cambios en los sentidos viales de las calles conectadas a la nueva vialidad. Representantes de la Secretar\u00eda de Infraestructura, Desarrollo Urbano y Movilidad (SEIDUM), la Secretar\u00eda de Infraestructura, Comunicaciones y Transportes (SICT) y la Guardia Nacional, entre otros, manifestaron su conformidad y eficacia con el modelo presentado.<\/p>\n<p>Uno de los acuerdos clave de la reuni\u00f3n fue la coordinaci\u00f3n entre el Municipio de Manzanillo y ASIPONA para implementar la se\u00f1al\u00e9tica y programaci\u00f3n de sem\u00e1foros en las v\u00edas conectadas al acceso norte, garantizando as\u00ed una circulaci\u00f3n fluida y segura.<\/p>\n<p>Este nuevo acceso viene a aliviar el tr\u00e1nsito pesado que actualmente transita hac\u00eda y desde el recinto portuario y a mejorar la eficiencia log\u00edstica del puerto m\u00e1s importante del Pac\u00edfico mexicano, generando beneficios tanto para la econom\u00eda local como para el comercio internacional. Se espera que, en los pr\u00f3ximos d\u00edas, se inicie la implementaci\u00f3n del plan vial aprobado, lo que marcar\u00e1 un hito en la infraestructura portuaria de Manzanillo.<\/p>\n<p>En la reuni\u00f3n, se cont\u00f3 tambi\u00e9n con la participaci\u00f3n activa de titulares y representantes de la D\u00e9cima Regi\u00f3n Naval de Secretar\u00eda de Marina, la Agencia Nacional de Aduanas en Manzanillo la Capitan\u00eda Regional de Puerto en Manzanillo, la Unidad Naval de Protecci\u00f3n Portuaria 102 y la Direcci\u00f3n General de Seguridad P\u00fablica y Polic\u00eda Vial del Ayuntamiento de Manzanillo.<\/p>\n","protected":false},"excerpt":{"rendered":"<p>Manzanillo, Colima, 05 de septiembre de 2024 \u2014 Este jueves, en instalaciones de la Administraci\u00f3n del Sistema Portuario Nacional Manzanillo (ASIPONA Manzanillo), se realiz\u00f3 una reuni\u00f3n de trabajo donde se present\u00f3 y aprob\u00f3 el Modelo Operativo de Movilidad del Segundo Ingreso al Recinto Portuario: Acceso Norte. Este modelo, desarrollado en colaboraci\u00f3n con el Instituto Mexicano&#8230;<\/p>\n","protected":false},"author":2,"featured_media":30875,"comment_status":"open","ping_status":"open","sticky":false,"template":"","format":"standard","meta":{"footnotes":""},"categories":[17,35,8],"tags":[29,30,28],"class_list":["post-30874","post","type-post","status-publish","format-standard","has-post-thumbnail","hentry","category-economia-y-negocios","category-manzanillo","category-municipios","tag-grid","tag-news","tag-slider"],"_links":{"self":[{"href":"http:\/\/elobservatorio.com.mx\/index.php?rest_route=\/wp\/v2\/posts\/30874"}],"collection":[{"href":"http:\/\/elobservatorio.com.mx\/index.php?rest_route=\/wp\/v2\/posts"}],"about":[{"href":"http:\/\/elobservatorio.com.mx\/index.php?rest_route=\/wp\/v2\/types\/post"}],"author":[{"embeddable":true,"href":"http:\/\/elobservatorio.com.mx\/index.php?rest_route=\/wp\/v2\/users\/2"}],"replies":[{"embeddable":true,"href":"http:\/\/elobservatorio.com.mx\/index.php?rest_route=%2Fwp%2Fv2%2Fcomments&post=30874"}],"version-history":[{"count":1,"href":"http:\/\/elobservatorio.com.mx\/index.php?rest_route=\/wp\/v2\/posts\/30874\/revisions"}],"predecessor-version":[{"id":30876,"href":"http:\/\/elobservatorio.com.mx\/index.php?rest_route=\/wp\/v2\/posts\/30874\/revisions\/30876"}],"wp:featuredmedia":[{"embeddable":true,"href":"http:\/\/elobservatorio.com.mx\/index.php?rest_route=\/wp\/v2\/media\/30875"}],"wp:attachment":[{"href":"http:\/\/elobservatorio.com.mx\/index.php?rest_route=%2Fwp%2Fv2%2Fmedia&parent=30874"}],"wp:term":[{"taxonomy":"category","embeddable":true,"href":"http:\/\/elobservatorio.com.mx\/index.php?rest_route=%2Fwp%2Fv2%2Fcategories&post=30874"},{"taxonomy":"post_tag","embeddable":true,"href":"http:\/\/elobservatorio.com.mx\/index.php?rest_route=%2Fwp%2Fv2%2Ftags&post=30874"}],"curies":[{"name":"wp","href":"https:\/\/api.w.org\/{rel}","templated":true}]}}