{"id":30882,"date":"2024-09-05T21:29:07","date_gmt":"2024-09-06T03:29:07","guid":{"rendered":"https:\/\/elobservatorio.com.mx\/?p=30882"},"modified":"2024-09-05T21:35:51","modified_gmt":"2024-09-06T03:35:51","slug":"pide-griselda-martinez-a-seguir-protegiendo-el-medio-ambiente-y-las-raices-de-manzanillo","status":"publish","type":"post","link":"http:\/\/elobservatorio.com.mx\/?p=30882","title":{"rendered":"Pide Griselda Mart\u00ednez a seguir protegiendo el medio ambiente y las ra\u00edces de Manzanillo"},"content":{"rendered":"<ul>\n<li><em>Presentan el Recetario \u201cSegundo Encuentro de mis Ra\u00edces\u201d y la Gu\u00eda de Aves de la zona alta de Manzanillo.<\/em><\/li>\n<\/ul>\n<p>Durante la presentaci\u00f3n del Recetario, Segundo Encuentro de \u00abMis Ra\u00edces\u00bb y la gu\u00eda de Aves de la zona alta de Manzanillo, la presidenta municipal Griselda Mart\u00ednez, mencion\u00f3 que desde hace 6 a\u00f1os se logr\u00f3 hacer sinergia con muchas personas para evitar que, especialmente en la comunidad de Canoas, fuera impactada por un proyecto minero, resistencia que a lo largo de ese tiempo, la administraci\u00f3n municipal trabaj\u00f3 de diversas formas para preservar el medio ambiente de esa zona; por ello, pidi\u00f3 que se siga protegiendo esos lugares que son pulmones naturales y que con su flora y fauna equilibran los medios naturales.<\/p>\n<p>Desde el auditorio del Centro Cultural Salagua, y acompa\u00f1ada por el director de Turismo, Ricardo Gonz\u00e1lez y por el Dr. en Ciencias Antropol\u00f3gicas, David Oseguera Parra, la alcaldesa destac\u00f3 la publicaci\u00f3n del segundo volumen, pues dijo que ha sido un gran esfuerzo integrar esas recetas de cocina de abuelas, bisabuelas por lo que se cumple el objetivo de preservar las tradiciones gastron\u00f3micas que dan identidad a Manzanillo y las cuales ser\u00e1n conocidas por muchas personas<\/p>\n<p>Griselda Mart\u00ednez, reiter\u00f3 que, as\u00ed como se hizo el esfuerzo de integrar ese segundo recetario, se hicieron otros como la realizaci\u00f3n de festivales, se brind\u00f3 capacitaci\u00f3n, se organizaron eventos para la comercializaci\u00f3n de productos locales, todos integrando un mismo objetivo; proteger la zona alta de Manzanillo, principalmente Canoas, \u201cnos dedicamos a hacer que la gente conociera Canoas y ahora es un lugar muy visitado\u201d.<\/p>\n<p>En el uso de la voz el Dr. en Ciencias Antropol\u00f3gicas David Oseguera Parra, reconoci\u00f3 el trabajo integrado en el Segundo Recetario Encuentro de mis ra\u00edces, pues dijo que es un men\u00fa de la identidad del municipio que ser\u00e1 una herramienta primordial para fomentar el turismo.<\/p>\n<p>En esta segunda publicaci\u00f3n del recetario participaron: la Chef Carmen Verduzco Camarena, Chef C\u00e9sar S\u00e1nchez, Chef Jennifer Sara\u00ed Castillo Olaya, Chef Tirso Barrera Saguil\u00e1n, Chef Getzael Rodr\u00edguez Guzm\u00e1n, Berenice Rodr\u00edguez Figueroa de Canoas, Ma. Guadalupe Figueroa Qui\u00f1ones de Canoas, Juana Figueroa Figueroa de Canoas, Claudia Amira Martinez Rivera de La Rosa de San Jos\u00e9 de L\u00famber, Diana Gabriela Benavides Rodr\u00edguez de Campos, Joseline Karinthy Montes Cardenas de Salagua, Alma Maribel V\u00e1zquez P\u00e9rez de Las Torres, Pedro Leonel D\u00edaz Verduzco de El Colomo, Bertha Jim\u00e9nez de V. Carranza, Zenaida Meraz de V. Carranza, Mar\u00eda Isabel L\u00f3pez Casillas de Salagua, Eduwiges Rodr\u00edguez de Campos, Socorro C\u00e1rdenas Granados de Benito Ju\u00e1rez y Ma. Ang\u00e9lica Machuca Plascencia de Jalipa.<\/p>\n<p>Es de mencionar que, para integrar la Gu\u00eda de Aves, a trav\u00e9s de Paul Olvera de la direcci\u00f3n de Turismo, junto con el ornit\u00f3logo Charly Corona, por 23 d\u00edas acudieron a las comunidades de Canoas, La Rosa y Lomas de \u00c1vila Camacho, donde hicieron un registro de 77 aves que se encuentran a detalle en tal documento, el cual invita a practicar el aviturismo con responsabilidad para evitar da\u00f1os en el \u00c1rea Natural Protegida.<\/p>\n<p>Durante esta presentaci\u00f3n, fueron proyectados videos donde se da muestra el proceso que se sigui\u00f3 para integrar el Segundo Recetarios Encuentro de mis Ra\u00edces, as\u00ed como tambi\u00e9n de la Gu\u00eda de Aves.<\/p>\n<p>Por \u00faltimo, la presidenta Griselda Mart\u00ednez, entreg\u00f3 y firm\u00f3 el recetario a las y los participantes de este Segundo Recetario Encuentro de mis ra\u00edces y a las y los anfitriones tur\u00edsticos; adem\u00e1s se les entreg\u00f3 la gu\u00eda de Aves, la cual puede encontrarse en las bibliotecas municipales o en la direcci\u00f3n de Turismo.<\/p>\n<p>&nbsp;<\/p>\n","protected":false},"excerpt":{"rendered":"<p>Presentan el Recetario \u201cSegundo Encuentro de mis Ra\u00edces\u201d y la Gu\u00eda de Aves de la zona alta de Manzanillo. Durante la presentaci\u00f3n del Recetario, Segundo Encuentro de \u00abMis Ra\u00edces\u00bb y la gu\u00eda de Aves de la zona alta de Manzanillo, la presidenta municipal Griselda Mart\u00ednez, mencion\u00f3 que desde hace 6 a\u00f1os se logr\u00f3 hacer sinergia&#8230;<\/p>\n","protected":false},"author":2,"featured_media":30884,"comment_status":"open","ping_status":"open","sticky":false,"template":"","format":"standard","meta":{"footnotes":""},"categories":[35,8],"tags":[29,30,28],"class_list":["post-30882","post","type-post","status-publish","format-standard","has-post-thumbnail","hentry","category-manzanillo","category-municipios","tag-grid","tag-news","tag-slider"],"_links":{"self":[{"href":"http:\/\/elobservatorio.com.mx\/index.php?rest_route=\/wp\/v2\/posts\/30882"}],"collection":[{"href":"http:\/\/elobservatorio.com.mx\/index.php?rest_route=\/wp\/v2\/posts"}],"about":[{"href":"http:\/\/elobservatorio.com.mx\/index.php?rest_route=\/wp\/v2\/types\/post"}],"author":[{"embeddable":true,"href":"http:\/\/elobservatorio.com.mx\/index.php?rest_route=\/wp\/v2\/users\/2"}],"replies":[{"embeddable":true,"href":"http:\/\/elobservatorio.com.mx\/index.php?rest_route=%2Fwp%2Fv2%2Fcomments&post=30882"}],"version-history":[{"count":1,"href":"http:\/\/elobservatorio.com.mx\/index.php?rest_route=\/wp\/v2\/posts\/30882\/revisions"}],"predecessor-version":[{"id":30883,"href":"http:\/\/elobservatorio.com.mx\/index.php?rest_route=\/wp\/v2\/posts\/30882\/revisions\/30883"}],"wp:featuredmedia":[{"embeddable":true,"href":"http:\/\/elobservatorio.com.mx\/index.php?rest_route=\/wp\/v2\/media\/30884"}],"wp:attachment":[{"href":"http:\/\/elobservatorio.com.mx\/index.php?rest_route=%2Fwp%2Fv2%2Fmedia&parent=30882"}],"wp:term":[{"taxonomy":"category","embeddable":true,"href":"http:\/\/elobservatorio.com.mx\/index.php?rest_route=%2Fwp%2Fv2%2Fcategories&post=30882"},{"taxonomy":"post_tag","embeddable":true,"href":"http:\/\/elobservatorio.com.mx\/index.php?rest_route=%2Fwp%2Fv2%2Ftags&post=30882"}],"curies":[{"name":"wp","href":"https:\/\/api.w.org\/{rel}","templated":true}]}}