{"id":30885,"date":"2024-09-05T22:11:08","date_gmt":"2024-09-06T04:11:08","guid":{"rendered":"https:\/\/elobservatorio.com.mx\/?p=30885"},"modified":"2024-09-05T22:11:08","modified_gmt":"2024-09-06T04:11:08","slug":"anuncia-rector-programa-de-festejos-por-el-84-aniversario-de-la-udec","status":"publish","type":"post","link":"http:\/\/elobservatorio.com.mx\/?p=30885","title":{"rendered":"Anuncia rector programa de festejos por el 84 aniversario de la UdeC"},"content":{"rendered":"<p><em>*\u201cQueremos fortalecer entre la comunidad universitaria y la sociedad, el sentido de pertenencia que nos ha caracterizado durante poco m\u00e1s de 8 d\u00e9cadas\u201d: Christian Torres Ortiz.<\/em><\/p>\n<p>La ma\u00f1ana de este jueves, en rueda de prensa realizada en el Archivo Hist\u00f3rico de la Universidad de Colima, el rector Christian Jorge Torres Ortiz Zerme\u00f1o, dio a conocer el programa de actividades por el 84 aniversario de la instituci\u00f3n, que se cumple el pr\u00f3ximo 16 de septiembre.<\/p>\n<p>El programa consta de 18 eventos: senderismo, foros, exposiciones, presentaciones de libros, eventos acad\u00e9micos, deportivos y muchos m\u00e1s, a los cuales podr\u00e1n asistir no solo integrantes de la comunidad universitaria, sino la sociedad en general. En su gran mayor\u00eda, estos eventos se realizar\u00e1n fuera del campus central.<\/p>\n<p>El rector dijo que para definir el programa se consideraron las funciones sustantivas de la instituci\u00f3n, que son la academia, investigaci\u00f3n y extensi\u00f3n de la cultura y los servicios. \u201cQueremos fortalecer en la comunidad universitaria y la sociedad, el sentido de pertenencia que nos ha caracterizado durante poco m\u00e1s de 8 d\u00e9cadas\u201d.<\/p>\n<p>Coment\u00f3, adem\u00e1s, que para todos aquellos que por cuestiones de distancia, horarios o por cupos agostados no puedan acudir a los eventos, la mayor\u00eda ser\u00e1n transmitidos a trav\u00e9s de las redes sociales y plataformas digitales de la instituci\u00f3n.<\/p>\n<p>El primero de estos 18 eventos se realizar\u00e1 el 8 de septiembre. Es el primer encuentro de mujeres senderistas, \u201cpara fortalecer valores como el bienestar, el empoderamiento, la construcci\u00f3n de comunidad y conciencia ambiental, principalmente\u201d.<\/p>\n<p>Mencion\u00f3 tambi\u00e9n que la Universidad de Colima coordinar\u00e1 y ser\u00e1 la sede virtual del primer foro nacional \u201cLa cultura de paz en las instituciones de educaci\u00f3n superior\u201d.<\/p>\n<p>Este foro, que se realizar\u00e1 el 19 de septiembre, \u201crepresenta la posibilidad de estrechar lazos de colaboraci\u00f3n con redes y otras instituciones a nivel nacional, para colaborar en acciones de Cultura de Paz y Derechos Humanos, y dar a conocer el trabajo que se realiza en nuestra instituci\u00f3n en esta materia\u201d, coment\u00f3 el rector.<\/p>\n<p>Otros eventos que se llevar\u00e1n a cabo durante el mes de septiembre ser\u00e1 una exposici\u00f3n en homenaje a Gil Garea, el d\u00eda 20 en la Pinacoteca; la Inauguraci\u00f3n de la Plaza Cosmos, el 23 en campus central, un foro sobre universidad digital el 24 y una ceremonia para celebrar el 20 aniversario del Archivo Hist\u00f3rico, el d\u00eda 27.<\/p>\n<p>Durante el mes de octubre, el rector anunci\u00f3 dos presentaciones de libros: \u201cUna luz que se alarga; un recorrido por el poema latinoamericano en Prosa\u201d, de Rogelio Guedea, el d\u00eda 10, y \u201cVolc\u00e1n de Colima, Volc\u00e1n de fuego y luz\u201d, de Ra\u00fal Ar\u00e1mbula, el 29. El primero es una coedici\u00f3n con la UNAM y el segundo es por ahora el libro m\u00e1s descargado de la p\u00e1gina de Publicaciones, desde que se liber\u00f3 hace unos d\u00edas.<\/p>\n<p>Este mismo mes, el 22, se entregar\u00e1 el reconocimiento a la generosidad compartida que otorga la Asociaci\u00f3n de Jubilados y pensionados de la UdeC y el domingo 20 se llevar\u00e1 a cabo la d\u00e9cima carrera FEUC-UdeC, la cual pretende este a\u00f1o llegar a los mil participantes. La carrera iniciar\u00e1 y concluir\u00e1 en el remodelado estadio ol\u00edmpico de la UdeC.<\/p>\n<p>Para el mes de noviembre, se tiene programada una Expo i+EUcol el d\u00eda 9, en la plaza Sendera. \u201cTiene como objetivo principal dar visibilidad a los proyectos desarrollados por emprendedores y estudiantes que forman parte de la incubadora de la Universidad de Colima, as\u00ed como a otras iniciativas que promueven la creaci\u00f3n de ideas de negocio con un impacto social positivo\u201d, agreg\u00f3 el rector.<\/p>\n<p>Otro evento a destacar para este mes es el denominado: Un d\u00eda para donar, el 22, \u201cen el que toda la comunidad universitaria y sociedad en general podr\u00e1n apoyar con donativos econ\u00f3micos, y promover la cultura de la donaci\u00f3n voluntaria. Una vez obteniendo los recursos, se decidir\u00e1 a que se destinar\u00e1, sin embargo, les adelanto que tendr\u00e1 aplicaci\u00f3n directa para el beneficio de las y los estudiantes\u201d.<\/p>\n<p>Adem\u00e1s, en noviembre, el d\u00eda 23, se efectuar\u00e1 la marcha conmemorativa por el 44 aniversario del SUTUC y el 26, a las 8 de la ma\u00f1ana, se tomar\u00e1 la ya tradicional fotograf\u00eda conmemorativa por el aniversario de la instituci\u00f3n.<\/p>\n<p>Este mes, el 27 a las 7 de la tarde, destaca la presentaci\u00f3n del Ballet Folkl\u00f3rico en el Jard\u00edn principal de Tecom\u00e1n.<\/p>\n<p>Por \u00faltimo, el rector anunci\u00f3, para el mes de diciembre, la entrega de Doctorado Honoris Causa a Irene Vallejo, fil\u00f3loga y escritora espa\u00f1ola, el d\u00eda 3, y la presentaci\u00f3n del libro \u201cExperiencias de movilidad; una ventana al mundo\u201d, colecci\u00f3n de relatos del concurso estatal \u201cMi experiencia de movilidad acad\u00e9mica\u201d. Aqu\u00ed el rector resalt\u00f3 que los textos son escritos por las y los j\u00f3venes que han hecho movilidad, no por acad\u00e9micos.<\/p>\n<p>Durante la rueda de prensa, el rector estuvo acompa\u00f1ado por las coordinadoras y coordinadores generales, as\u00ed como por las y los l\u00edderes de los sectores y las directoras del CUBI y de Publicaciones.<\/p>\n<p>Como novedad y parte de la idea que impulsa el rector de preparar a las y los j\u00f3venes en escenarios reales, cubrieron el evento alumnos de periodismo de la Facultad de Letras y Comunicaci\u00f3n de la UdeC.<\/p>\n<p>Si deseas asistir a alguno de los eventos, visita nuestra p\u00e1gina oficial www.ucol.mx para mayor informaci\u00f3n.<\/p>\n","protected":false},"excerpt":{"rendered":"<p>*\u201cQueremos fortalecer entre la comunidad universitaria y la sociedad, el sentido de pertenencia que nos ha caracterizado durante poco m\u00e1s de 8 d\u00e9cadas\u201d: Christian Torres Ortiz. La ma\u00f1ana de este jueves, en rueda de prensa realizada en el Archivo Hist\u00f3rico de la Universidad de Colima, el rector Christian Jorge Torres Ortiz Zerme\u00f1o, dio a conocer&#8230;<\/p>\n","protected":false},"author":2,"featured_media":30886,"comment_status":"open","ping_status":"open","sticky":false,"template":"","format":"standard","meta":{"footnotes":""},"categories":[14],"tags":[29,30,28],"class_list":["post-30885","post","type-post","status-publish","format-standard","has-post-thumbnail","hentry","category-educacion-y-cultura","tag-grid","tag-news","tag-slider"],"_links":{"self":[{"href":"http:\/\/elobservatorio.com.mx\/index.php?rest_route=\/wp\/v2\/posts\/30885"}],"collection":[{"href":"http:\/\/elobservatorio.com.mx\/index.php?rest_route=\/wp\/v2\/posts"}],"about":[{"href":"http:\/\/elobservatorio.com.mx\/index.php?rest_route=\/wp\/v2\/types\/post"}],"author":[{"embeddable":true,"href":"http:\/\/elobservatorio.com.mx\/index.php?rest_route=\/wp\/v2\/users\/2"}],"replies":[{"embeddable":true,"href":"http:\/\/elobservatorio.com.mx\/index.php?rest_route=%2Fwp%2Fv2%2Fcomments&post=30885"}],"version-history":[{"count":1,"href":"http:\/\/elobservatorio.com.mx\/index.php?rest_route=\/wp\/v2\/posts\/30885\/revisions"}],"predecessor-version":[{"id":30887,"href":"http:\/\/elobservatorio.com.mx\/index.php?rest_route=\/wp\/v2\/posts\/30885\/revisions\/30887"}],"wp:featuredmedia":[{"embeddable":true,"href":"http:\/\/elobservatorio.com.mx\/index.php?rest_route=\/wp\/v2\/media\/30886"}],"wp:attachment":[{"href":"http:\/\/elobservatorio.com.mx\/index.php?rest_route=%2Fwp%2Fv2%2Fmedia&parent=30885"}],"wp:term":[{"taxonomy":"category","embeddable":true,"href":"http:\/\/elobservatorio.com.mx\/index.php?rest_route=%2Fwp%2Fv2%2Fcategories&post=30885"},{"taxonomy":"post_tag","embeddable":true,"href":"http:\/\/elobservatorio.com.mx\/index.php?rest_route=%2Fwp%2Fv2%2Ftags&post=30885"}],"curies":[{"name":"wp","href":"https:\/\/api.w.org\/{rel}","templated":true}]}}