{"id":30947,"date":"2024-09-21T18:24:58","date_gmt":"2024-09-22T00:24:58","guid":{"rendered":"http:\/\/elobservatorio.com.mx\/?p=30947"},"modified":"2024-09-21T18:24:58","modified_gmt":"2024-09-22T00:24:58","slug":"con-160-obras-rinden-homenaje-al-maestro-gil-garea-en-la-pinacoteca","status":"publish","type":"post","link":"http:\/\/elobservatorio.com.mx\/?p=30947","title":{"rendered":"Con 160 obras rinden homenaje al maestro Gil Garea, en la Pinacoteca"},"content":{"rendered":"<p><em>*\u201cImaginando un <\/em>Gilguero<em>. Homenaje a Gil Garea\u201d, estar\u00e1 abierta hasta el pr\u00f3ximo mes de febrero en el Sal\u00f3n del Vitral. Las obras pertenecen tanto al acervo de la casa de estudios, como a 21 coleccionistas privados.<\/em><\/p>\n<p>Como parte de las actividades organizadas por la Universidad de Colima para celebrar el 84 aniversario de su fundaci\u00f3n, este viernes por la noche se inaugur\u00f3 en la Pinacoteca Universitaria la exposici\u00f3n: \u201cImaginando un <em>Gilguero<\/em>. Homenaje a Gil Garea\u201d, que estar\u00e1 abierta hasta el pr\u00f3ximo mes de febrero en el Sal\u00f3n del Vitral. Son m\u00e1s de 160 obras las que se exhiben, pertenecientes tanto al acervo de la casa de estudios, como a 21 coleccionistas privados que se sumaron a esta retrospectiva.<\/p>\n<p>La apertura estuvo a cargo del secretario general de la instituci\u00f3n, Joel Nino Jr., quien hizo el corte del list\u00f3n en representaci\u00f3n del rector Christian Jorge Torres Ortiz Zerme\u00f1o. En su discurso, se\u00f1al\u00f3 que esta exposici\u00f3n constituye una de las muestras m\u00e1s completas de la obra de Gil Garea, uno de los grandes maestros del arte contempor\u00e1neo en nuestro pa\u00eds. \u201cYa avecindado en nuestra entidad en la d\u00e9cada de 1980, particip\u00f3 en talleres y colectivos del Gobierno del Estado y la Universidad de Colima\u201d.<\/p>\n<p>Fue en esta \u00e9poca, coment\u00f3, en la que el homenajeado comenz\u00f3 a recibir un amplio reconocimiento por parte de la cr\u00edtica especializada, \u201clo que le permiti\u00f3 exhibir su obra en los museos y galer\u00edas m\u00e1s importantes del pa\u00eds, as\u00ed como participar en muchas de las exposiciones colectivas m\u00e1s destacadas del arte mexicano\u201d.<\/p>\n<p>El funcionario asegur\u00f3 que, consolidar proyectos como el de esta expo es posible \u00fanicamente con la suma de esfuerzos y buscando un prop\u00f3sito en com\u00fan. \u201cPor ello, quiero reiterar mi agradecimiento particular a cada uno de los coleccionistas que prestaron su obra para mostrarla en este homenaje, as\u00ed como al colectivo SinPar, que contribuy\u00f3 en la curadur\u00eda y el dise\u00f1o de la muestra\u201d.<\/p>\n<p>Por \u00faltimo, reconoci\u00f3 que es mediante el trabajo en equipo como se pudo cristalizar este merecido homenaje a uno de los grandes maestros del arte contempor\u00e1neo. \u201cPorque el arte nos convoca a trabajar en comunidad para alcanzar nuestros sue\u00f1os, lo que nos permite reafirmar que la educaci\u00f3n, la cultura y el deporte, como ha dicho el rector Christian Torres Ortiz, son fundamentales para construir una mejor sociedad\u201d.<\/p>\n<p>En su intervenci\u00f3n, el director General de Patrimonio Cultural Universitario, David Rodr\u00edguez Delgado se\u00f1al\u00f3 que el homenajeado \u201chizo de Colima un espacio de inspiraci\u00f3n para su obra pl\u00e1stica y el escenario de una cotidiana e incesante pr\u00e1ctica de la creatividad y la experimentaci\u00f3n, donde encontr\u00f3, adem\u00e1s, escenas, texturas e im\u00e1genes nuevas\u201d.<\/p>\n<p>Comparti\u00f3 que, en su juventud, Gil Garea particip\u00f3 en el Taller de Experimentaci\u00f3n Gr\u00e1fica del Centro de Investigaci\u00f3n y Experimentaci\u00f3n Pl\u00e1stica del Instituto Nacional de Bellas Artes y Literatura, donde conoci\u00f3 a grandes maestros del arte contempor\u00e1neo mexicano. \u201cEn Colima, particip\u00f3 en la renovaci\u00f3n del ambiente cultural de finales del siglo XX, con una intensa vida art\u00edstica en colectivos y talleres de artes pl\u00e1sticas y grabado, auspiciados por el Gobierno del Estado y la Universidad de Colima\u201d.<\/p>\n<p>Dijo tambi\u00e9n que, durante su trayectoria, Gil Garea recibi\u00f3 diversas distinciones por su obra, como el Sal\u00f3n Nacional de las Artes Gr\u00e1ficas y Sal\u00f3n de Octubre; el primer lugar en el Concurso Internacional Pinturer\u00edas y en dos ocasiones la menci\u00f3n honor\u00edfica en la Bienal de Pintura Rufino Tamayo, adem\u00e1s de formar parte de varias colecciones destacadas de arte contempor\u00e1neo. \u201cDesde entonces, no dud\u00f3 en experimentar con tem\u00e1ticas y t\u00e9cnicas, desde reinterpretaciones del paisaje, hasta atm\u00f3sferas po\u00e9ticas\u201d.<\/p>\n<p>Finalmente, dijo que esta exposici\u00f3n es la primera que recupera gran parte de la trayectoria del homenajeado, \u201cdesde sus primeros trazos, hasta varias muestras de arte p\u00fablico que propuso y exhibi\u00f3 en diversos puntos de nuestra ciudad. Imaginando un <em>Gilguero<\/em> nos invita a encontrar en el paisaje de la vida y la riqueza pl\u00e1stica, aglutinando lo sint\u00e9tico y lo org\u00e1nico, lo po\u00e9tico del d\u00eda a d\u00eda y el contemplar de nuestro pasar con otros ojos\u201d.<\/p>\n<p>Una vez incorporado a la ceremonia de inauguraci\u00f3n, luego de asistir como invitado especial al informe de la alcaldesa Tey Guti\u00e9rrez, el rector de la Universidad de Colima, Christian Jorge Torres Ortiz Zerme\u00f1o resalt\u00f3 que la apertura de esta muestra se realiza como parte de los 18 eventos organizados por la instituci\u00f3n en el marco de los festejos por el 84 aniversario de nuestra casa de estudios. De igual manera, extendi\u00f3 un amplio agradecimiento a las y los organizadores del evento, as\u00ed como a los coleccionistas privados que apoyaron prestando parte de la obra expuesta.<\/p>\n<p>\u201cComo siempre que coincidimos en un recinto cultural universitario, les pido apoyo para la difusi\u00f3n de esta exposici\u00f3n, que estar\u00e1 montada hasta el pr\u00f3ximo mes de febrero de 2025\u201d, coment\u00f3.<\/p>\n<p>Por \u00faltimo, Ortiz Zerme\u00f1o dijo que la mayor\u00eda de los asistentes a la inauguraci\u00f3n de esa noche conocen recintos como la Pinacoteca Universitaria y a artistas como Gil Garea. \u201cEn este sentido, tenemos la responsabilidad y el compromiso de traer a m\u00e1s gente, de promover la creaci\u00f3n de nuevos p\u00fablicos entre nuestros estudiantes, nuestras familias y nuestros ni\u00f1os, para que conozcan y aprecien estos grandes artistas que tiene Colima\u201d.<\/p>\n<p>En la inauguraci\u00f3n participaron tambi\u00e9n la presidenta del Voluntariado de la Universidad de Colima, Blanca Liliana D\u00edaz V\u00e1zquez, los exrectores Fernando Moreno Pe\u00f1a, Carlos Salazar Silva y Miguel \u00c1ngel Aguayo L\u00f3pez, as\u00ed como Adriana G\u00f3mez Hoffman, en representaci\u00f3n de la familia del artista.<\/p>\n<p>&nbsp;<\/p>\n","protected":false},"excerpt":{"rendered":"<p>*\u201cImaginando un Gilguero. Homenaje a Gil Garea\u201d, estar\u00e1 abierta hasta el pr\u00f3ximo mes de febrero en el Sal\u00f3n del Vitral. Las obras pertenecen tanto al acervo de la casa de estudios, como a 21 coleccionistas privados. Como parte de las actividades organizadas por la Universidad de Colima para celebrar el 84 aniversario de su fundaci\u00f3n,&#8230;<\/p>\n","protected":false},"author":2,"featured_media":30948,"comment_status":"open","ping_status":"open","sticky":false,"template":"","format":"standard","meta":{"footnotes":""},"categories":[14],"tags":[29,30,28],"class_list":["post-30947","post","type-post","status-publish","format-standard","has-post-thumbnail","hentry","category-educacion-y-cultura","tag-grid","tag-news","tag-slider"],"_links":{"self":[{"href":"http:\/\/elobservatorio.com.mx\/index.php?rest_route=\/wp\/v2\/posts\/30947"}],"collection":[{"href":"http:\/\/elobservatorio.com.mx\/index.php?rest_route=\/wp\/v2\/posts"}],"about":[{"href":"http:\/\/elobservatorio.com.mx\/index.php?rest_route=\/wp\/v2\/types\/post"}],"author":[{"embeddable":true,"href":"http:\/\/elobservatorio.com.mx\/index.php?rest_route=\/wp\/v2\/users\/2"}],"replies":[{"embeddable":true,"href":"http:\/\/elobservatorio.com.mx\/index.php?rest_route=%2Fwp%2Fv2%2Fcomments&post=30947"}],"version-history":[{"count":1,"href":"http:\/\/elobservatorio.com.mx\/index.php?rest_route=\/wp\/v2\/posts\/30947\/revisions"}],"predecessor-version":[{"id":30949,"href":"http:\/\/elobservatorio.com.mx\/index.php?rest_route=\/wp\/v2\/posts\/30947\/revisions\/30949"}],"wp:featuredmedia":[{"embeddable":true,"href":"http:\/\/elobservatorio.com.mx\/index.php?rest_route=\/wp\/v2\/media\/30948"}],"wp:attachment":[{"href":"http:\/\/elobservatorio.com.mx\/index.php?rest_route=%2Fwp%2Fv2%2Fmedia&parent=30947"}],"wp:term":[{"taxonomy":"category","embeddable":true,"href":"http:\/\/elobservatorio.com.mx\/index.php?rest_route=%2Fwp%2Fv2%2Fcategories&post=30947"},{"taxonomy":"post_tag","embeddable":true,"href":"http:\/\/elobservatorio.com.mx\/index.php?rest_route=%2Fwp%2Fv2%2Ftags&post=30947"}],"curies":[{"name":"wp","href":"https:\/\/api.w.org\/{rel}","templated":true}]}}