{"id":30950,"date":"2024-09-21T19:19:51","date_gmt":"2024-09-22T01:19:51","guid":{"rendered":"http:\/\/elobservatorio.com.mx\/?p=30950"},"modified":"2024-09-21T19:19:51","modified_gmt":"2024-09-22T01:19:51","slug":"invitan-al-rector-de-la-udec-a-tercer-informe-de-labores-de-tey-gutierrez","status":"publish","type":"post","link":"http:\/\/elobservatorio.com.mx\/?p=30950","title":{"rendered":"Invitan al rector de la UdeC a tercer informe de labores de Tey Guti\u00e9rrez"},"content":{"rendered":"<p>El rector de la Universidad de Colima, Christian Jorge Torres Ortiz Zerme\u00f1o, fue uno de los invitados especiales al tercer informe de labores de la presidenta municipal de Villa de \u00c1lvarez, Esther (Tey) Guti\u00e9rrez Andrade, el \u00faltimo de su primera administraci\u00f3n, rendido este viernes por la tarde en la explanada de Casa de la Cultura de ese municipio, ante el cabildo villalvarense y la sociedad en general.<\/p>\n","protected":false},"excerpt":{"rendered":"<p>El rector de la Universidad de Colima, Christian Jorge Torres Ortiz Zerme\u00f1o, fue uno de los invitados especiales al tercer informe de labores de la presidenta municipal de Villa de \u00c1lvarez, Esther (Tey) Guti\u00e9rrez Andrade, el \u00faltimo de su primera administraci\u00f3n, rendido este viernes por la tarde en la explanada de Casa de la Cultura&#8230;<\/p>\n","protected":false},"author":2,"featured_media":30951,"comment_status":"open","ping_status":"open","sticky":false,"template":"","format":"standard","meta":{"footnotes":""},"categories":[14,19],"tags":[29,30,28],"class_list":["post-30950","post","type-post","status-publish","format-standard","has-post-thumbnail","hentry","category-educacion-y-cultura","category-fotonotas","tag-grid","tag-news","tag-slider"],"_links":{"self":[{"href":"http:\/\/elobservatorio.com.mx\/index.php?rest_route=\/wp\/v2\/posts\/30950"}],"collection":[{"href":"http:\/\/elobservatorio.com.mx\/index.php?rest_route=\/wp\/v2\/posts"}],"about":[{"href":"http:\/\/elobservatorio.com.mx\/index.php?rest_route=\/wp\/v2\/types\/post"}],"author":[{"embeddable":true,"href":"http:\/\/elobservatorio.com.mx\/index.php?rest_route=\/wp\/v2\/users\/2"}],"replies":[{"embeddable":true,"href":"http:\/\/elobservatorio.com.mx\/index.php?rest_route=%2Fwp%2Fv2%2Fcomments&post=30950"}],"version-history":[{"count":1,"href":"http:\/\/elobservatorio.com.mx\/index.php?rest_route=\/wp\/v2\/posts\/30950\/revisions"}],"predecessor-version":[{"id":30952,"href":"http:\/\/elobservatorio.com.mx\/index.php?rest_route=\/wp\/v2\/posts\/30950\/revisions\/30952"}],"wp:featuredmedia":[{"embeddable":true,"href":"http:\/\/elobservatorio.com.mx\/index.php?rest_route=\/wp\/v2\/media\/30951"}],"wp:attachment":[{"href":"http:\/\/elobservatorio.com.mx\/index.php?rest_route=%2Fwp%2Fv2%2Fmedia&parent=30950"}],"wp:term":[{"taxonomy":"category","embeddable":true,"href":"http:\/\/elobservatorio.com.mx\/index.php?rest_route=%2Fwp%2Fv2%2Fcategories&post=30950"},{"taxonomy":"post_tag","embeddable":true,"href":"http:\/\/elobservatorio.com.mx\/index.php?rest_route=%2Fwp%2Fv2%2Ftags&post=30950"}],"curies":[{"name":"wp","href":"https:\/\/api.w.org\/{rel}","templated":true}]}}