{"id":30953,"date":"2024-09-21T19:40:55","date_gmt":"2024-09-22T01:40:55","guid":{"rendered":"http:\/\/elobservatorio.com.mx\/?p=30953"},"modified":"2024-09-21T19:40:55","modified_gmt":"2024-09-22T01:40:55","slug":"jovenes-bachilleres-aprenden-sobre-la-importancia-de-las-abejas","status":"publish","type":"post","link":"http:\/\/elobservatorio.com.mx\/?p=30953","title":{"rendered":"J\u00f3venes bachilleres aprenden sobre la importancia de las abejas"},"content":{"rendered":"<p><em>*Este programa, una iniciativa conjunta de la UdeC, Ternium, Holcim Apasco, Coca Cola y Pe\u00f1a Colorada, busca fomentar en los j\u00f3venes una conciencia ambiental y darles a conocer las pr\u00e1cticas sustentables que implementan las empresas en la regi\u00f3n.<\/em><\/p>\n<p>Esta semana, alrededor de 40 estudiantes de primer semestre del Bachillerato 4 de la Universidad de Colima (UdeC), vivieron una experiencia \u00fanica en el rancho El Peregrino de esta casa de estudios. Como parte del programa \u201cPr\u00e1cticas acad\u00e9micas para estudiantes de Educaci\u00f3n Media Superior\u201d, los y las j\u00f3venes tuvieron la oportunidad de conocer de cerca el fascinante mundo de las abejas y su papel vital en el ecosistema.<\/p>\n<p>La charla, impartida por la empresa Pe\u00f1a Colorada y su filial \u201cAbejas Trabajando\u201d, despert\u00f3 gran inter\u00e9s entre los estudiantes, quienes mostraron una actitud entusiasta y realizaron numerosas preguntas. Los expertos explicaron la compleja organizaci\u00f3n social de las colmenas, la importancia de la polinizaci\u00f3n y los desaf\u00edos que enfrentan las abejas en la actualidad.<\/p>\n<p>Este programa, una iniciativa conjunta de la UdeC, Ternium, Holcim Apasco, Coca Cola y Pe\u00f1a Colorada, busca fomentar en los j\u00f3venes una conciencia ambiental y darles a conocer las pr\u00e1cticas sustentables que implementan las empresas en la regi\u00f3n. Al respecto, Mart\u00edn Jes\u00fas Robles de Anda, director general de Educaci\u00f3n Media Superior, destac\u00f3 que estas actividades contribuyen a cumplir con los lineamientos establecidos en los programas acad\u00e9micos de nivel medio superior y se alinean con los objetivos de la Agenda 2030.<\/p>\n<p>Las charlas en el rancho El Peregrino continuar\u00e1n hasta el 15 de noviembre, abordando diversos temas relacionados con el cuidado del medio ambiente. Se espera que esta iniciativa tenga un impacto positivo en la formaci\u00f3n de las y los j\u00f3venes y los motive a ser agentes de cambio en sus comunidades.<\/p>\n<p>Por la UdeC tambi\u00e9n se ha sumado la Direcci\u00f3n General de Servicios Universitarios.<\/p>\n<p>&nbsp;<\/p>\n<p>&nbsp;<\/p>\n","protected":false},"excerpt":{"rendered":"<p>*Este programa, una iniciativa conjunta de la UdeC, Ternium, Holcim Apasco, Coca Cola y Pe\u00f1a Colorada, busca fomentar en los j\u00f3venes una conciencia ambiental y darles a conocer las pr\u00e1cticas sustentables que implementan las empresas en la regi\u00f3n. Esta semana, alrededor de 40 estudiantes de primer semestre del Bachillerato 4 de la Universidad de Colima&#8230;<\/p>\n","protected":false},"author":2,"featured_media":30954,"comment_status":"open","ping_status":"open","sticky":false,"template":"","format":"standard","meta":{"footnotes":""},"categories":[14],"tags":[29,30,28],"class_list":["post-30953","post","type-post","status-publish","format-standard","has-post-thumbnail","hentry","category-educacion-y-cultura","tag-grid","tag-news","tag-slider"],"_links":{"self":[{"href":"http:\/\/elobservatorio.com.mx\/index.php?rest_route=\/wp\/v2\/posts\/30953"}],"collection":[{"href":"http:\/\/elobservatorio.com.mx\/index.php?rest_route=\/wp\/v2\/posts"}],"about":[{"href":"http:\/\/elobservatorio.com.mx\/index.php?rest_route=\/wp\/v2\/types\/post"}],"author":[{"embeddable":true,"href":"http:\/\/elobservatorio.com.mx\/index.php?rest_route=\/wp\/v2\/users\/2"}],"replies":[{"embeddable":true,"href":"http:\/\/elobservatorio.com.mx\/index.php?rest_route=%2Fwp%2Fv2%2Fcomments&post=30953"}],"version-history":[{"count":1,"href":"http:\/\/elobservatorio.com.mx\/index.php?rest_route=\/wp\/v2\/posts\/30953\/revisions"}],"predecessor-version":[{"id":30955,"href":"http:\/\/elobservatorio.com.mx\/index.php?rest_route=\/wp\/v2\/posts\/30953\/revisions\/30955"}],"wp:featuredmedia":[{"embeddable":true,"href":"http:\/\/elobservatorio.com.mx\/index.php?rest_route=\/wp\/v2\/media\/30954"}],"wp:attachment":[{"href":"http:\/\/elobservatorio.com.mx\/index.php?rest_route=%2Fwp%2Fv2%2Fmedia&parent=30953"}],"wp:term":[{"taxonomy":"category","embeddable":true,"href":"http:\/\/elobservatorio.com.mx\/index.php?rest_route=%2Fwp%2Fv2%2Fcategories&post=30953"},{"taxonomy":"post_tag","embeddable":true,"href":"http:\/\/elobservatorio.com.mx\/index.php?rest_route=%2Fwp%2Fv2%2Ftags&post=30953"}],"curies":[{"name":"wp","href":"https:\/\/api.w.org\/{rel}","templated":true}]}}