{"id":30978,"date":"2024-09-22T16:57:44","date_gmt":"2024-09-22T22:57:44","guid":{"rendered":"http:\/\/elobservatorio.com.mx\/?p=30978"},"modified":"2024-09-22T16:57:44","modified_gmt":"2024-09-22T22:57:44","slug":"empieza-la-verdadera-aventura-poner-practica-lo-aprendido-mario-de-anda","status":"publish","type":"post","link":"http:\/\/elobservatorio.com.mx\/?p=30978","title":{"rendered":"Empieza la verdadera aventura: poner pr\u00e1ctica lo aprendido: Mario de Anda"},"content":{"rendered":"<p><em>*Dijo el director general de Educaci\u00f3n Superior a egresados de licenciatura y maestr\u00eda de la Facultad de Contabilidad y Administraci\u00f3n de la delegaci\u00f3n Colima.<\/em><\/p>\n<p>Este viernes, la Facultad de Contabilidad y Administraci\u00f3n de la Universidad de Colima (UdeC) entreg\u00f3 certificados a los reci\u00e9n egresados de las carreras de Contador P\u00fablico y de Administraci\u00f3n, as\u00ed como a quienes egresaron de las maestr\u00edas en Alta Direcci\u00f3n y en Fiscal.<\/p>\n<p>La ceremonia se realiz\u00f3 en el Paraninfo Universitario y cont\u00f3 con la presencia de Mario de Anda Ch\u00e1vez, director general de Educaci\u00f3n Superior, en representaci\u00f3n del rector Christian Torres Ortiz Zerme\u00f1o; de Pedro Flores Garc\u00eda, director de la FCyA y de Arianna S\u00e1nchez Espinosa, directora general de Posgrado.<\/p>\n<p>Pedro Flores Garc\u00eda, director del plantel, invit\u00f3 a las y los egresados a continuar con su proceso de titulaci\u00f3n. \u201cDenlo todo en su vida profesional, hagan bien las cosas, no hay nada m\u00e1s valioso que tener paz mental y saber que las cosas se han hecho bien; procuren ser buenas personas y recuerden que el triunfo no vale la pena si no se comparte\u201d, mencion\u00f3.<\/p>\n<p>Ximena Valencia Ram\u00edrez, en nombre de las y los egresados en Contador P\u00fablico, y Karla Urz\u00faa Leyva, por las y los de Administraci\u00f3n P\u00fablica, dijeron sentirse orgullosas y agradecidas con esta instituci\u00f3n educativa que les brind\u00f3 \u201cvalores fundamentales\u201d para su formaci\u00f3n acad\u00e9mica y profesional, con profesores y compa\u00f1eros que los acompa\u00f1aron en su camino. Agradecieron a sus familias \u201cpor el apoyo y amor incondicional\u201d.<\/p>\n<p>En el intermedio, se present\u00f3 un grupo art\u00edstico del IUBA con \u201cSones de mi tierra: Colima\u201d y entregaron reconocimientos a los jubilados Jorge Ochoa Grajales y Jes\u00fas Garc\u00eda Mart\u00ednez.<\/p>\n<p>Al continuar con el acto acad\u00e9mico, Yunu\u00e9n Cuevas, en nombre de los egresados en la Maestr\u00eda en Alta Direcci\u00f3n, y Omar Nande Silva, por parte de las y los egresados de la Maestr\u00eda en Fiscal, agradecieron a la UdeC, a sus docentes, compa\u00f1eros y familiares, sus esfuerzos, dedicaci\u00f3n y apoyo para lograr esta meta.<\/p>\n<p>Posteriormente, Mario de Anda Ch\u00e1vez extendi\u00f3 su felicitaci\u00f3n a nombre del rector: \u201cHoy es un d\u00eda para celebrar no s\u00f3lo sus logros acad\u00e9micos, sino su dedicaci\u00f3n, esfuerzo, y la perseverancia que los ha llevado a este momento; agradezcan a sus familias, que los han apoyado en cada paso del camino e impulsaron a seguir adelante; a sus docentes, no s\u00f3lo por las clases impartidas, sino por el compromiso y la paciencia con que los guiaron, y a la universidad, que les dio el espacio para crecer\u201d, enfatiz\u00f3.<\/p>\n<p>Por \u00faltimo, reiter\u00f3 que este agradecimiento tambi\u00e9n debe ser hacia s\u00ed mismos. \u201cEste logro es fruto del esfuerzo, sacrificio y perseverancia de cada uno. Tienen por delante un horizonte lleno de posibilidades. El conocimiento que han adquirido es s\u00f3lo el principio, ahora empieza la verdadera aventura: poner en pr\u00e1ctica lo aprendido y seguir creciendo\u201d, concluy\u00f3.<\/p>\n<p>En este acto tambi\u00e9n estuvieron Alejandro Palacios, secretario de administrativo del plantel; Rub\u00ed Osegueda, coordinadora de la Maestr\u00eda en Alta Direcci\u00f3n; Adri\u00e1n Silva, coordinador de la Maestr\u00eda en Fiscal y Esteban Alcaraz, coordinador acad\u00e9mico de las licenciaturas, as\u00ed como los padrinos de generaci\u00f3n: Jos\u00e9 Luis Calder\u00f3n Mafud y Cruz Barajas Figueroa.<\/p>\n<p>&nbsp;<\/p>\n<p>&nbsp;<\/p>\n","protected":false},"excerpt":{"rendered":"<p>*Dijo el director general de Educaci\u00f3n Superior a egresados de licenciatura y maestr\u00eda de la Facultad de Contabilidad y Administraci\u00f3n de la delegaci\u00f3n Colima. Este viernes, la Facultad de Contabilidad y Administraci\u00f3n de la Universidad de Colima (UdeC) entreg\u00f3 certificados a los reci\u00e9n egresados de las carreras de Contador P\u00fablico y de Administraci\u00f3n, as\u00ed como&#8230;<\/p>\n","protected":false},"author":2,"featured_media":30979,"comment_status":"open","ping_status":"open","sticky":false,"template":"","format":"standard","meta":{"footnotes":""},"categories":[14],"tags":[29,30,28],"class_list":["post-30978","post","type-post","status-publish","format-standard","has-post-thumbnail","hentry","category-educacion-y-cultura","tag-grid","tag-news","tag-slider"],"_links":{"self":[{"href":"http:\/\/elobservatorio.com.mx\/index.php?rest_route=\/wp\/v2\/posts\/30978"}],"collection":[{"href":"http:\/\/elobservatorio.com.mx\/index.php?rest_route=\/wp\/v2\/posts"}],"about":[{"href":"http:\/\/elobservatorio.com.mx\/index.php?rest_route=\/wp\/v2\/types\/post"}],"author":[{"embeddable":true,"href":"http:\/\/elobservatorio.com.mx\/index.php?rest_route=\/wp\/v2\/users\/2"}],"replies":[{"embeddable":true,"href":"http:\/\/elobservatorio.com.mx\/index.php?rest_route=%2Fwp%2Fv2%2Fcomments&post=30978"}],"version-history":[{"count":1,"href":"http:\/\/elobservatorio.com.mx\/index.php?rest_route=\/wp\/v2\/posts\/30978\/revisions"}],"predecessor-version":[{"id":30980,"href":"http:\/\/elobservatorio.com.mx\/index.php?rest_route=\/wp\/v2\/posts\/30978\/revisions\/30980"}],"wp:featuredmedia":[{"embeddable":true,"href":"http:\/\/elobservatorio.com.mx\/index.php?rest_route=\/wp\/v2\/media\/30979"}],"wp:attachment":[{"href":"http:\/\/elobservatorio.com.mx\/index.php?rest_route=%2Fwp%2Fv2%2Fmedia&parent=30978"}],"wp:term":[{"taxonomy":"category","embeddable":true,"href":"http:\/\/elobservatorio.com.mx\/index.php?rest_route=%2Fwp%2Fv2%2Fcategories&post=30978"},{"taxonomy":"post_tag","embeddable":true,"href":"http:\/\/elobservatorio.com.mx\/index.php?rest_route=%2Fwp%2Fv2%2Ftags&post=30978"}],"curies":[{"name":"wp","href":"https:\/\/api.w.org\/{rel}","templated":true}]}}