{"id":30981,"date":"2024-09-22T17:06:54","date_gmt":"2024-09-22T23:06:54","guid":{"rendered":"http:\/\/elobservatorio.com.mx\/?p=30981"},"modified":"2024-09-22T17:06:54","modified_gmt":"2024-09-22T23:06:54","slug":"disparates","status":"publish","type":"post","link":"http:\/\/elobservatorio.com.mx\/?p=30981","title":{"rendered":"DISPARATES"},"content":{"rendered":"<p><strong>\u00bfQU\u00c9 VIENE?<\/strong><\/p>\n<p><strong>SEAN OSMIN HAMUD RUIZ<\/strong><\/p>\n<p><strong>23 DE SEPTIEMBRE DE 2024<\/strong><\/p>\n<p>Corren tiempos donde el camino por delante se atisba brumoso, caliginoso. Ven\u00edamos de haber establecido m\u00ednimos que iban cimentando ciertas certezas. Ese incipiente andamianje sencillamente est\u00e1 desapareciendo.<\/p>\n<p>Parece casi una nota de color, pero desvela sin duda el desd\u00e9n por lo hecho, la indiferencia manifiesta al deber ser.<\/p>\n<p>Como parte del dise\u00f1o del Estado federado, la representaci\u00f3n de los intereses particulares de cada regi\u00f3n, de cada entidad federativa por parte de los diputados electos o plurinominales\u00a0 hace todo sentido. Cuando se habla de presupuesto, de recaudaci\u00f3n, del destino de los recursos para obras de infraestructura, la definici\u00f3n de polos de desarrollo, de los planes para el combate a la pobreza, de la estrategia a aplicar en temas de seguridad, etc., lo menos que se podr\u00eda esperar es que los mandados a esta encomienda, conozcan de esas necesidades en la localidad que abanderan y sobretodo que haya un arraigo que mueva a la b\u00fasqueda de una digna obtenci\u00f3n de resultados que impacten a esta comunidad.<\/p>\n<p>No tengo idea de si es una persona profesional. No se qu\u00e9 tan inteligente pueda ser, desconozco si guarda intereses especiales en Colima. La \u00fanica referencia relevante que conozco, por el reciente anuncio trascendido a los medios, es su parentesco con Marcelo Ebrard.<\/p>\n<p>Y repito, no pretendo calificar o juzgar a la persona. Sencillamente no me queda claro qu\u00e9 tiene que ver con nuestro estado, menos s\u00e9 si tiene propuesta espec\u00edfica de beneficio local para ejercer en esta posici\u00f3n.<\/p>\n<p>\u00bfQu\u00e9 piensa sobre el vaso II del puerto de Manzanillo? \u00bfLe importa que estemos ranqueados con ciudades como las m\u00e1s peligrosas del mundo? \u00bfSabe de la carencia presupuestal para tapar baches en todos lados? \u00bfConoce de primera mano los problemas en salud que hoy est\u00e1 causando el Dengue?<\/p>\n<p>Y a las preguntas anteriores tendr\u00eda que sumar algunas dirigidas a la clase pol\u00edtica colimota, \u00bfLo conocen? \u00bfHan platicado con \u00e9l? \u00bfNo deber\u00edan por lo menos haber manifestado alg\u00fan extra\u00f1amiento?<\/p>\n<p>De los morenistas sabemos que no habr\u00e1 la menor reacci\u00f3n, pero \u00bfy la oposici\u00f3n? \u00bfNada?, pues qu\u00e9 caray.<\/p>\n<p>Sebastian Ebrard Lestrade, diputado plurinominal por Colima, tanto gusto.<\/p>\n<p>Solo te pido que te des una vuelta por ac\u00e1 y te logres sensibilizar de quienes somos, qu\u00e9 hacemos y qu\u00e9 necesitamos los colimenses.<\/p>\n<p>Prep\u00e1rate para no cometer <strong>DISPARATES.<\/strong><\/p>\n<p><strong>MICROCUENTO<\/strong><\/p>\n<p>\u00bfCu\u00e1nta desesperanza puede contener un pu\u00f1o de palabras? \u00bfPor qu\u00e9 una frase causa tanta desesperaci\u00f3n? \u00bfHay forma de digerir y procesar el dolor de esa lectura? \u00bfC\u00f3mo es posible que esos bites causen tal atontamiento? Y hasta que no lo enfrentas, tomas conciencia.<\/p>\n<p>La l\u00ednea de letras con ese fondo de luz en la pantalla golpea m\u00e1s fuerte que un mazo. Con mirada acuosa e incr\u00e9dula lees sin comprender del todo: \u201cMe voy. Te dejo\u201d.<\/p>\n<p>&nbsp;<\/p>\n","protected":false},"excerpt":{"rendered":"<p>\u00bfQU\u00c9 VIENE? SEAN OSMIN HAMUD RUIZ 23 DE SEPTIEMBRE DE 2024 Corren tiempos donde el camino por delante se atisba brumoso, caliginoso. Ven\u00edamos de haber establecido m\u00ednimos que iban cimentando ciertas certezas. Ese incipiente andamianje sencillamente est\u00e1 desapareciendo. Parece casi una nota de color, pero desvela sin duda el desd\u00e9n por lo hecho, la indiferencia&#8230;<\/p>\n","protected":false},"author":2,"featured_media":30020,"comment_status":"open","ping_status":"open","sticky":false,"template":"","format":"standard","meta":{"footnotes":""},"categories":[11],"tags":[29,30,28],"class_list":["post-30981","post","type-post","status-publish","format-standard","has-post-thumbnail","hentry","category-opinion","tag-grid","tag-news","tag-slider"],"_links":{"self":[{"href":"http:\/\/elobservatorio.com.mx\/index.php?rest_route=\/wp\/v2\/posts\/30981"}],"collection":[{"href":"http:\/\/elobservatorio.com.mx\/index.php?rest_route=\/wp\/v2\/posts"}],"about":[{"href":"http:\/\/elobservatorio.com.mx\/index.php?rest_route=\/wp\/v2\/types\/post"}],"author":[{"embeddable":true,"href":"http:\/\/elobservatorio.com.mx\/index.php?rest_route=\/wp\/v2\/users\/2"}],"replies":[{"embeddable":true,"href":"http:\/\/elobservatorio.com.mx\/index.php?rest_route=%2Fwp%2Fv2%2Fcomments&post=30981"}],"version-history":[{"count":1,"href":"http:\/\/elobservatorio.com.mx\/index.php?rest_route=\/wp\/v2\/posts\/30981\/revisions"}],"predecessor-version":[{"id":30982,"href":"http:\/\/elobservatorio.com.mx\/index.php?rest_route=\/wp\/v2\/posts\/30981\/revisions\/30982"}],"wp:featuredmedia":[{"embeddable":true,"href":"http:\/\/elobservatorio.com.mx\/index.php?rest_route=\/wp\/v2\/media\/30020"}],"wp:attachment":[{"href":"http:\/\/elobservatorio.com.mx\/index.php?rest_route=%2Fwp%2Fv2%2Fmedia&parent=30981"}],"wp:term":[{"taxonomy":"category","embeddable":true,"href":"http:\/\/elobservatorio.com.mx\/index.php?rest_route=%2Fwp%2Fv2%2Fcategories&post=30981"},{"taxonomy":"post_tag","embeddable":true,"href":"http:\/\/elobservatorio.com.mx\/index.php?rest_route=%2Fwp%2Fv2%2Ftags&post=30981"}],"curies":[{"name":"wp","href":"https:\/\/api.w.org\/{rel}","templated":true}]}}