{"id":30991,"date":"2024-10-02T20:39:54","date_gmt":"2024-10-03T02:39:54","guid":{"rendered":"http:\/\/elobservatorio.com.mx\/?p=30991"},"modified":"2024-10-02T20:40:00","modified_gmt":"2024-10-03T02:40:00","slug":"margarita-moreno-inaugura-cruce-seguro-con-recursos-obtenidos-en-concurso-internacional","status":"publish","type":"post","link":"http:\/\/elobservatorio.com.mx\/?p=30991","title":{"rendered":"Margarita Moreno inaugura cruce seguro con recursos obtenidos en concurso internacional"},"content":{"rendered":"<div dir=\"auto\"><em>* De 200 ciudades de Canad\u00e1, Estados Unidos y M\u00e9xico, s\u00f3lo Colima y M\u00e9rida lograron la subvenci\u00f3n internacional de Bloomberg Philanthropies para apoyar el arte y dise\u00f1o para mejorar la seguridad de las calles<\/em>.<\/div>\n<div dir=\"auto\"><\/div>\n<div dir=\"auto\">Como parte de los proyectos que la presidenta municipal de Colima, Margarita Moreno, ha incentivado para el rescate de espacios p\u00fablicos en todo el municipio, luego de participar en un concurso internacional de la Organizaci\u00f3n Bloomberg Philanthropies, se realiz\u00f3 la intervenci\u00f3n de arte asf\u00e1ltico \u00abcrucero seguro\u00bb en la calle Pimentel llerenas, ubicado a las afueras del preescolar \u00abRosaura Zapata\u00bb, en el centro de la ciudad.<\/div>\n<div dir=\"auto\"><\/div>\n<div dir=\"auto\">Margarita Moreno destac\u00f3 que \u00abArt Asphalt\u00bb es una iniciativa que incorpora el arte en los p\u00fablicos con intervenciones visuales en intersecciones y cruces peatonales, con el prop\u00f3sito de mejorar la calidad de vida de las personas, transformando espacios urbanos en entornos m\u00e1s atractivos y funcionales, siendo Colima, junto con M\u00e9rida, las dos ciudades ganadoras del concurso, entre 200 ciudades participantes de Canad\u00e1, Estados Unidos y M\u00e9xico para esta intervenci\u00f3n.<\/div>\n<div dir=\"auto\"><\/div>\n<div dir=\"auto\">\u00abCuando vemos a las ni\u00f1as y los ni\u00f1os sonriendo sabemos que vale la pena lo que estamos haciendo. Fueron s\u00f3lo dos ciudades las que logramos alcanzar este proyecto y este respaldo pone a Colima en el \u00e1mbito internacional. Es una intervenci\u00f3n muy importante porque instalamos este primer crucero en uno de los preescolares de mayor historia del municipio en el que resolvemos una problem\u00e1tica de seguridad vial\u00bb, expres\u00f3 la presidenta municipal.<\/div>\n<div dir=\"auto\"><\/div>\n<div dir=\"auto\">Bloomberg Philanthropies seleccion\u00f3 a Colima como receptora de una subvenci\u00f3n apoyando proyectos que utilizan el arte y el dise\u00f1o para mejorar la seguridad de las calles, revitalizar espacios p\u00fablicos e involucrar a los residentes; en este caso se prioriza la seguridad vial en protecci\u00f3n de las ni\u00f1as y ni\u00f1os de este preescolar que fue identificado como un cruce donde se registraban de manera constante accidentes vehiculares.<\/div>\n<div dir=\"auto\"><\/div>\n<div dir=\"auto\">\u00abEstas acciones son muestras del trabajo incansable de la presidenta Margarita Moreno que con estas medida busca la integridad de las ni\u00f1as y los ni\u00f1os, de los padres de familias y personal docente de este preescolar haciendo de este un cruce seguro, luego de escuchar y atender la inquietudes de padres de familia y maestros\u00bb: afirm\u00f3 el secretario general de la secci\u00f3n 39 del SNTE, David Hern\u00e1ndez Viera.<\/div>\n<div dir=\"auto\"><\/div>\n<div dir=\"auto\">Jos\u00e9 de Jes\u00fas S\u00e1nchez Romo explic\u00f3 que esta vialidad, en su origen fue dise\u00f1ada como una via r\u00e1pida, que ha cambiado su din\u00e1mica con la presencia del preescolar y la colaboraci\u00f3n permanente para prevenir accidentes.<\/div>\n<div dir=\"auto\"><\/div>\n<div dir=\"auto\">\u00abDesde el carro las personas quiz\u00e1s no logran dimensionar estos proyectos, pero para los padres de familia y los ni\u00f1os que todos los d\u00edas est\u00e1n aqu\u00ed, la intervenci\u00f3n les da m\u00e1s seguridad y la visi\u00f3n de la presidenta es que primero van las ni\u00f1as y ni\u00f1os\u00bb, manifest\u00f3 Jos\u00e9 de Jes\u00fas S\u00e1nchez Romo, director del Instituto de Planeaci\u00f3n del Municipio de Colima.<\/div>\n<div dir=\"auto\">En este a\u00f1o 2024 Colima fue una de las dos ciudades beneficiarias para la ejecuci\u00f3n de proyectos que abordan y un desaf\u00edo de seguridad para peatones y ciclistas; los trabajos fueron intervenidos con la gu\u00eda del artista colimense Paco Montes, quien dise\u00f1\u00f3 la figura geom\u00e9trica de un perro xoloitzcuintle que fue pintada por ni\u00f1as y ni\u00f1os.<\/div>\n<div dir=\"auto\"><\/div>\n<div dir=\"auto\">La directora del preescolar Rosaura Zapata\u00bb, Silvia Marisol de la Rosa Mungu\u00eda extern\u00f3 su agradecimiento a la presidenta municipal por considerar este cruce peatonal para la intervenci\u00f3n, al reafirmar el apoyo que ha recibido a lo largo de la presente administraci\u00f3n en la que se ha apoyado a la ni\u00f1ez y las familias.<\/div>\n<div dir=\"auto\"><\/div>\n<div dir=\"auto\">\u201cEs una gran obra de la que estamos sumamente satisfechos los padres de familia, directivos y maestros con esta obra. Era una vialidad con mucho tr\u00e1fico, en la que hab\u00eda accidentes constantes y con la intervenci\u00f3n ha mejorado la seguridad que, adem\u00e1s, se ve muy bonita y nos da un mayor sentido vial\u00bb, coment\u00f3 la directora del plantel.<\/div>\n<div dir=\"auto\"><\/div>\n<div dir=\"auto\">En este evento estuvieron presentes Mar\u00eda Elena M\u00e1rquez Mendoza, presidenta de la asociaci\u00f3n de padres de familia; el profesor David Hern\u00e1ndez Viera, secretario general de la secci\u00f3n 39 del SNTE, Cristina Rodr\u00edguez, presidenta del Comit\u00e9 de Participaci\u00f3on Ciudadana, as\u00ed como Himelda Meraz S\u00e1nchez, Secretaria del Ayuntamiento, Jos\u00e9 de Jes\u00fas S\u00e1nchez Romo y el comisionado de Seguridad y Justicia C\u00edvica, Luis Armando M\u00e9ndez Ram\u00edrez, al igual que el regidor Federico Rangel Lozano y la regidora Miryan Rosendo Le\u00f3n.<\/div>\n","protected":false},"excerpt":{"rendered":"<p>* De 200 ciudades de Canad\u00e1, Estados Unidos y M\u00e9xico, s\u00f3lo Colima y M\u00e9rida lograron la subvenci\u00f3n internacional de Bloomberg Philanthropies para apoyar el arte y dise\u00f1o para mejorar la seguridad de las calles. Como parte de los proyectos que la presidenta municipal de Colima, Margarita Moreno, ha incentivado para el rescate de espacios p\u00fablicos&#8230;<\/p>\n","protected":false},"author":2,"featured_media":30992,"comment_status":"open","ping_status":"open","sticky":false,"template":"","format":"standard","meta":{"footnotes":""},"categories":[36,8],"tags":[29,30,28],"class_list":["post-30991","post","type-post","status-publish","format-standard","has-post-thumbnail","hentry","category-colima","category-municipios","tag-grid","tag-news","tag-slider"],"_links":{"self":[{"href":"http:\/\/elobservatorio.com.mx\/index.php?rest_route=\/wp\/v2\/posts\/30991"}],"collection":[{"href":"http:\/\/elobservatorio.com.mx\/index.php?rest_route=\/wp\/v2\/posts"}],"about":[{"href":"http:\/\/elobservatorio.com.mx\/index.php?rest_route=\/wp\/v2\/types\/post"}],"author":[{"embeddable":true,"href":"http:\/\/elobservatorio.com.mx\/index.php?rest_route=\/wp\/v2\/users\/2"}],"replies":[{"embeddable":true,"href":"http:\/\/elobservatorio.com.mx\/index.php?rest_route=%2Fwp%2Fv2%2Fcomments&post=30991"}],"version-history":[{"count":1,"href":"http:\/\/elobservatorio.com.mx\/index.php?rest_route=\/wp\/v2\/posts\/30991\/revisions"}],"predecessor-version":[{"id":30993,"href":"http:\/\/elobservatorio.com.mx\/index.php?rest_route=\/wp\/v2\/posts\/30991\/revisions\/30993"}],"wp:featuredmedia":[{"embeddable":true,"href":"http:\/\/elobservatorio.com.mx\/index.php?rest_route=\/wp\/v2\/media\/30992"}],"wp:attachment":[{"href":"http:\/\/elobservatorio.com.mx\/index.php?rest_route=%2Fwp%2Fv2%2Fmedia&parent=30991"}],"wp:term":[{"taxonomy":"category","embeddable":true,"href":"http:\/\/elobservatorio.com.mx\/index.php?rest_route=%2Fwp%2Fv2%2Fcategories&post=30991"},{"taxonomy":"post_tag","embeddable":true,"href":"http:\/\/elobservatorio.com.mx\/index.php?rest_route=%2Fwp%2Fv2%2Ftags&post=30991"}],"curies":[{"name":"wp","href":"https:\/\/api.w.org\/{rel}","templated":true}]}}