{"id":30994,"date":"2024-10-02T21:30:23","date_gmt":"2024-10-03T03:30:23","guid":{"rendered":"http:\/\/elobservatorio.com.mx\/?p=30994"},"modified":"2024-10-02T21:30:23","modified_gmt":"2024-10-03T03:30:23","slug":"griselda-martinez-recibio-el-atlas-de-riesgos-de-manzanillo","status":"publish","type":"post","link":"http:\/\/elobservatorio.com.mx\/?p=30994","title":{"rendered":"Griselda Mart\u00ednez recibi\u00f3 el Atlas de Riesgos de Manzanillo"},"content":{"rendered":"<p><em>\u00a8*La herramienta salvar\u00e1 vidas\u00a0<\/em><\/p>\n<p>Despu\u00e9s de que desde el 2012 no se hab\u00eda hecho ninguna actualizaci\u00f3n, el municipio de Manzanillo, ya cuenta con un Atlas de Riesgos nuevo, herramienta que lograr\u00e1 una mejor resiliencia ante cualquier eventualidad y que de acuerdo con la presidenta Griselda Mart\u00ednez, servir\u00e1 para salvar vidas, \u201ceso hemos buscado desde hace 6 a\u00f1os, por lo que dejamos este legado, no s\u00f3lo a la pr\u00f3xima administraci\u00f3n, sino a toda la poblaci\u00f3n\u201d.<\/p>\n<p>Desde las instalaciones del INPLAN, Soluciones SIG, empresa que gan\u00f3 la licitaci\u00f3n p\u00fablica para la integraci\u00f3n del Atlas de Riesgos, encabezada por Juan Carlos Calva R\u00edos, hizo la presentaci\u00f3n de esta herramienta, de la cual dijo es \u00fanica en el estado de Colima por el uso de las tecnolog\u00edas de informaci\u00f3n, \u201cs\u00f3lo el 24.7 por cierto de los municipios en el pa\u00eds cuentan un Atlas de Riesgos; en Colima s\u00f3lo lo tienen 8 de los 10 municipios; el m\u00e1s actual es de 2015, lo cual ya tiene un rezago importante. Ni gobierno del estado tiene una herramienta como esta de Manzanillo\u201d.<\/p>\n<p>A trav\u00e9s de la directora de Proyectos de Soluciones SIG, Am\u00e9rica Rom\u00e1n se hizo la exposici\u00f3n de lo que es esta nueva herramienta municipal, la cual recopila, organiza y presenta informaci\u00f3n sobre los riesgos y amenazas del municipio por mapas tem\u00e1ticos, que servir\u00e1 para identificar, evaluar y visualizar los riesgos potenciales que puedan afectar, ya sea por fen\u00f3menos naturales, tecnol\u00f3gicos, ambientales o sociales.<\/p>\n<p>En este documento, en el que participaron todas las \u00e1reas t\u00e9cnicas de la administraci\u00f3n municipal, lideradas por el INPLAN a cargo de su directora Elisa Guti\u00e9rrez, se contemplan como agentes perturbadores; los geol\u00f3gicos, hidrometeorol\u00f3gicos, qu\u00edmico-tecnol\u00f3gicos, Sanitario-ecol\u00f3gicos y Socio-organizativos.<\/p>\n<p>Esta nueva herramienta, la cual prioriza zonas del municipio de acuerdo con sus susceptibilidades, es la iniciativa para la resiliencia municipal, documento ser\u00e1 enviado para la revisi\u00f3n del Centro Nacional de Prevenci\u00f3n de Desastres (CENAPRED), \u00f3rgano encargado de evaluar y definir las acciones de mitigaci\u00f3n de riesgos.<\/p>\n<p>Es de mencionar que, a esta presentaci\u00f3n y entrega del documento final, asistieron titulares de las diversas dependencias municipales que participaron en la entrega de informaci\u00f3n para lograr el Atlas de Riesgos de Manzanillo.<\/p>\n","protected":false},"excerpt":{"rendered":"<p>\u00a8*La herramienta salvar\u00e1 vidas\u00a0 Despu\u00e9s de que desde el 2012 no se hab\u00eda hecho ninguna actualizaci\u00f3n, el municipio de Manzanillo, ya cuenta con un Atlas de Riesgos nuevo, herramienta que lograr\u00e1 una mejor resiliencia ante cualquier eventualidad y que de acuerdo con la presidenta Griselda Mart\u00ednez, servir\u00e1 para salvar vidas, \u201ceso hemos buscado desde hace&#8230;<\/p>\n","protected":false},"author":2,"featured_media":30995,"comment_status":"open","ping_status":"open","sticky":false,"template":"","format":"standard","meta":{"footnotes":""},"categories":[35,8],"tags":[29,30,28],"class_list":["post-30994","post","type-post","status-publish","format-standard","has-post-thumbnail","hentry","category-manzanillo","category-municipios","tag-grid","tag-news","tag-slider"],"_links":{"self":[{"href":"http:\/\/elobservatorio.com.mx\/index.php?rest_route=\/wp\/v2\/posts\/30994"}],"collection":[{"href":"http:\/\/elobservatorio.com.mx\/index.php?rest_route=\/wp\/v2\/posts"}],"about":[{"href":"http:\/\/elobservatorio.com.mx\/index.php?rest_route=\/wp\/v2\/types\/post"}],"author":[{"embeddable":true,"href":"http:\/\/elobservatorio.com.mx\/index.php?rest_route=\/wp\/v2\/users\/2"}],"replies":[{"embeddable":true,"href":"http:\/\/elobservatorio.com.mx\/index.php?rest_route=%2Fwp%2Fv2%2Fcomments&post=30994"}],"version-history":[{"count":1,"href":"http:\/\/elobservatorio.com.mx\/index.php?rest_route=\/wp\/v2\/posts\/30994\/revisions"}],"predecessor-version":[{"id":30996,"href":"http:\/\/elobservatorio.com.mx\/index.php?rest_route=\/wp\/v2\/posts\/30994\/revisions\/30996"}],"wp:featuredmedia":[{"embeddable":true,"href":"http:\/\/elobservatorio.com.mx\/index.php?rest_route=\/wp\/v2\/media\/30995"}],"wp:attachment":[{"href":"http:\/\/elobservatorio.com.mx\/index.php?rest_route=%2Fwp%2Fv2%2Fmedia&parent=30994"}],"wp:term":[{"taxonomy":"category","embeddable":true,"href":"http:\/\/elobservatorio.com.mx\/index.php?rest_route=%2Fwp%2Fv2%2Fcategories&post=30994"},{"taxonomy":"post_tag","embeddable":true,"href":"http:\/\/elobservatorio.com.mx\/index.php?rest_route=%2Fwp%2Fv2%2Ftags&post=30994"}],"curies":[{"name":"wp","href":"https:\/\/api.w.org\/{rel}","templated":true}]}}