{"id":30997,"date":"2024-10-02T21:48:28","date_gmt":"2024-10-03T03:48:28","guid":{"rendered":"http:\/\/elobservatorio.com.mx\/?p=30997"},"modified":"2024-10-02T21:48:28","modified_gmt":"2024-10-03T03:48:28","slug":"dan-46-anos-de-prision-para-masculino-que-en-conjunto-con-otro-privo-de-la-vida-a-uno-y-lesiono-a-otro-con-armas-de-fuego","status":"publish","type":"post","link":"http:\/\/elobservatorio.com.mx\/?p=30997","title":{"rendered":"Dan 46 a\u00f1os de prisi\u00f3n para masculino que en conjunto con otro, priv\u00f3 de la vida a uno y lesion\u00f3 a otro con armas de fuego"},"content":{"rendered":"<p><em>+ Las v\u00edctimas se encontraban caminando por la Av. El\u00edas Zamora Verduzco en el municipio de Manzanillo cuando fueron agredidas<\/em><\/p>\n<p>Los trabajos arduos de investigaci\u00f3n del personal de esta Fiscal\u00eda General del Estado (FGE) dieron las pruebas suficientes para que el tribunal de enjuiciamiento decretara sentencia condenatoria a Marco Antonio \u201cN\u201d por su responsabilidad penal en los delitos de homicidio calificado y homicidio calificado en grado de tentativa cometido en agravio de dos personas en el municipio de Manzanillo.<\/p>\n<p>Lo establecido en el expediente refiere que el d\u00eda 21 de septiembre del 2023 el sentenciado en compa\u00f1\u00eda de otro masculino accionaron armas de fuego en contra de las dos v\u00edctimas cuando \u00e9stas caminaban sobre la Av. El\u00edas Zamora Verduzco, provocando la muerte de una de ellas y ocasionando lesiones que pusieron en riesgo la vida de la otra.<\/p>\n<p>Luego de llevar a cabo los procedimientos correspondientes, la FGE consigui\u00f3 la sentencia condenatoria de Marco Antonio \u201cN\u201d a quien el tribunal de enjuiciamiento le dict\u00f3 46 a\u00f1os y 6 meses de prisi\u00f3n, el pago econ\u00f3mico de una multa, as\u00ed como el de la reparaci\u00f3n del da\u00f1o.<\/p>\n<p>Con estas acciones, una vez m\u00e1s la Fiscal\u00eda General del Estado da cumplimiento a la responsabilidad de investigar y esclarecer los delitos para llevar ante la justicia a los responsables y obtener sentencias condenatorias que evitan la impunidad en los il\u00edcitos que se cometen.<\/p>\n<p>Es importante se\u00f1alar que para la instituci\u00f3n es fundamental la colaboraci\u00f3n de la sociedad a trav\u00e9s de las denuncias an\u00f3nimas y el reporte de emergencias, por ello se exhorta a la poblaci\u00f3n a utilizar de manera responsable las l\u00edneas designadas para ello: 089 y 911, para denuncia an\u00f3nima y emergencias respectivamente.<\/p>\n","protected":false},"excerpt":{"rendered":"<p>+ Las v\u00edctimas se encontraban caminando por la Av. El\u00edas Zamora Verduzco en el municipio de Manzanillo cuando fueron agredidas Los trabajos arduos de investigaci\u00f3n del personal de esta Fiscal\u00eda General del Estado (FGE) dieron las pruebas suficientes para que el tribunal de enjuiciamiento decretara sentencia condenatoria a Marco Antonio \u201cN\u201d por su responsabilidad penal&#8230;<\/p>\n","protected":false},"author":2,"featured_media":30998,"comment_status":"open","ping_status":"open","sticky":false,"template":"","format":"standard","meta":{"footnotes":""},"categories":[15],"tags":[29,30,28],"class_list":["post-30997","post","type-post","status-publish","format-standard","has-post-thumbnail","hentry","category-seguridad-y-justicia","tag-grid","tag-news","tag-slider"],"_links":{"self":[{"href":"http:\/\/elobservatorio.com.mx\/index.php?rest_route=\/wp\/v2\/posts\/30997"}],"collection":[{"href":"http:\/\/elobservatorio.com.mx\/index.php?rest_route=\/wp\/v2\/posts"}],"about":[{"href":"http:\/\/elobservatorio.com.mx\/index.php?rest_route=\/wp\/v2\/types\/post"}],"author":[{"embeddable":true,"href":"http:\/\/elobservatorio.com.mx\/index.php?rest_route=\/wp\/v2\/users\/2"}],"replies":[{"embeddable":true,"href":"http:\/\/elobservatorio.com.mx\/index.php?rest_route=%2Fwp%2Fv2%2Fcomments&post=30997"}],"version-history":[{"count":1,"href":"http:\/\/elobservatorio.com.mx\/index.php?rest_route=\/wp\/v2\/posts\/30997\/revisions"}],"predecessor-version":[{"id":30999,"href":"http:\/\/elobservatorio.com.mx\/index.php?rest_route=\/wp\/v2\/posts\/30997\/revisions\/30999"}],"wp:featuredmedia":[{"embeddable":true,"href":"http:\/\/elobservatorio.com.mx\/index.php?rest_route=\/wp\/v2\/media\/30998"}],"wp:attachment":[{"href":"http:\/\/elobservatorio.com.mx\/index.php?rest_route=%2Fwp%2Fv2%2Fmedia&parent=30997"}],"wp:term":[{"taxonomy":"category","embeddable":true,"href":"http:\/\/elobservatorio.com.mx\/index.php?rest_route=%2Fwp%2Fv2%2Fcategories&post=30997"},{"taxonomy":"post_tag","embeddable":true,"href":"http:\/\/elobservatorio.com.mx\/index.php?rest_route=%2Fwp%2Fv2%2Ftags&post=30997"}],"curies":[{"name":"wp","href":"https:\/\/api.w.org\/{rel}","templated":true}]}}