{"id":31025,"date":"2024-10-07T17:53:52","date_gmt":"2024-10-07T23:53:52","guid":{"rendered":"http:\/\/elobservatorio.com.mx\/?p=31025"},"modified":"2024-10-07T17:53:52","modified_gmt":"2024-10-07T23:53:52","slug":"el-pri-en-colima-paso-de-ser-un-partido-de-escritorio-a-uno-de-territorio-kike-rojas","status":"publish","type":"post","link":"http:\/\/elobservatorio.com.mx\/?p=31025","title":{"rendered":"El PRI en Colima pas\u00f3 de ser un partido de escritorio a uno de territorio: Kike Rojas"},"content":{"rendered":"<p><em>*Por actividades del \u201cMes Rosa\u201d, invitan a una charla que ser\u00e1 impartida por el Dr. Oscar E. Armend\u00e1riz V\u00e1zquez, reconocido onc\u00f3logo en Colima, este jueves 10 de octubre<\/em><\/p>\n<p>Tecom\u00e1n Col En un esfuerzo por aumentar la conciencia sobre la prevenci\u00f3n del c\u00e1ncer, el presidente del Comit\u00e9 Municipal del PRI en Tecom\u00e1n, Jonathan Castillo T\u00e9llez, anunci\u00f3 en una rueda de prensa que este jueves 10 de octubre comenzar\u00e1 una serie de eventos en conmemoraci\u00f3n del Mes Rosa, dedicado a la sensibilizaci\u00f3n sobre el c\u00e1ncer de mama.<\/p>\n<p>Subray\u00f3 la importancia de estas iniciativas, dirigidas no solo a mujeres, sino a toda la comunidad. \u00abIniciamos una campa\u00f1a de concientizaci\u00f3n que se difundir\u00e1 a trav\u00e9s de las plataformas del PRI y diversas organizaciones, buscando que las mujeres, en particular, puedan detectar a tiempo cualquier anomal\u00eda que podr\u00eda indicar la aparici\u00f3n de esta enfermedad\u00bb, afirm\u00f3.<\/p>\n<p>Durante la presentaci\u00f3n, Socorro Rosas dirigente del Instituto Reyes Heroles, invit\u00f3 a la comunidad a participar en una charla para este jueves a las 6:00 p.m. en las instalaciones del PRI, que ser\u00e1 impartida por el Dr. \u00d3scar Eduardo Armend\u00e1riz V\u00e1zquez, reconocido Onc\u00f3logo que abordar\u00e1 temas sobre la importancia de la detecci\u00f3n temprana y la autoexploraci\u00f3n.<\/p>\n<p>Por su parte, Ver\u00f3nica Peralta Manzo, dirigente del OMPRI municipal, enfatiz\u00f3 la importancia de que las mujeres se realicen chequeos regulares y se informen sobre esta enfermedad del c\u00e1ncer de mama. \u00abEste mes es una oportunidad para que todas tomemos conciencia sobre la importancia de la autoexploraci\u00f3n y los estudios necesarios\u00bb.<\/p>\n<p>En la rueda de prensa, donde tambi\u00e9n estuvo Enrique Rojas Orozco, presidente estatal del PRI, destac\u00f3 la relevancia de esta iniciativa, se\u00f1alando que \u00abno podemos permitir que pase desapercibido un mes tan importante como lo es la prevenci\u00f3n y la concientizaci\u00f3n, son clave para combatir el c\u00e1ncer, y esta charla es un paso hacia la sensibilizaci\u00f3n\u00bb.<\/p>\n<p>Dijo que el evento busca promover la detecci\u00f3n temprana y el autocuidado y es parte de un esfuerzo m\u00e1s amplio del PRI en Tecom\u00e1n para enfrentar la creciente incidencia de c\u00e1ncer en el estado, que se ha vuelto una preocupaci\u00f3n social ante la negligencia del sistema de salud.<\/p>\n<p>En ese sentido, el dirigente estatal Rojas inst\u00f3 a las autoridades a brindar la cobertura necesaria para el tratamiento de estos padecimientos y a seguir impulsando campa\u00f1as que promuevan la salud y el bienestar.<\/p>\n<p>Reconoci\u00f3 al PRI de Tecom\u00e1n el que no haya pasado desapercibido este mes tan relevante e importante porque si hay negligencia en materia de salud en el estado y el pa\u00eds, personas que tienen c\u00e1ncer le batallan y lo menos que podemos hacer como instituto pol\u00edtico es invitar a la concientizaci\u00f3n y prevenci\u00f3n en la voz de un experto, pues en la medida que podamos prevenir y detectar a tiempo el padecimiento ser\u00e1 mucho m\u00e1s f\u00e1cil atenderlo<\/p>\n<p>\u201cel llamado al PRI a que se siga impulsando este tipo de campa\u00f1as, ahorita es una conferencia, pero m\u00e1s all\u00e1 iremos buscando esquemas para visibilizar con entusiasmo, energ\u00eda y determinaci\u00f3n la situaci\u00f3n compleja que vive una persona que padece esta enfermedad \u201c<\/p>\n<p>Destac\u00f3 que desde el PRI se sigue trabajando, arrancando un proyecto piloto para tener una estructura representativa, se sigue edificando la fortaleza de nuestras estructuras, \u201cqu\u00e9 bueno que Tecom\u00e1n no pare porque la din\u00e1mica de un partido pol\u00edtico es de apertura, de entusiasmo de estar echados para adelante y sobre todo seguir siendo una opci\u00f3n para que te volteen a ver\u201d.<\/p>\n<p>\u201cReconozco tambi\u00e9n las veces que el partido ha salido a abanderar causas de la poblaci\u00f3n, se ha sumado a grupos de manifestantes en diversos temas, porque a la poblaci\u00f3n no hay que dejarla sola en ning\u00fan momento, reconocer a todos y todas porque con tantas actividades y visitas constantes de la dirigencia estatal del PRI a los municipios, entre ellos Tecom\u00e1n, el partido ha pasado a ser de escritorio a territorio, finaliz\u00f3 el dirigente estatal del PRI, Enrique Rojas Orozco.<\/p>\n<p>En su participaci\u00f3n, \u00a0la diputada Betzaida Pinz\u00f3n subray\u00f3 que la concientizaci\u00f3n sobre el c\u00e1ncer debe incluir a todos, ya que tambi\u00e9n afecta a hombres. \u00abEs crucial que se genere un entorno de apoyo y prevenci\u00f3n, y hacemos un llamado a las autoridades para crear las condiciones adecuadas para quienes enfrentan esta situaci\u00f3n\u00bb, concluy\u00f3<\/p>\n","protected":false},"excerpt":{"rendered":"<p>*Por actividades del \u201cMes Rosa\u201d, invitan a una charla que ser\u00e1 impartida por el Dr. Oscar E. Armend\u00e1riz V\u00e1zquez, reconocido onc\u00f3logo en Colima, este jueves 10 de octubre Tecom\u00e1n Col En un esfuerzo por aumentar la conciencia sobre la prevenci\u00f3n del c\u00e1ncer, el presidente del Comit\u00e9 Municipal del PRI en Tecom\u00e1n, Jonathan Castillo T\u00e9llez, anunci\u00f3&#8230;<\/p>\n","protected":false},"author":2,"featured_media":31026,"comment_status":"open","ping_status":"open","sticky":false,"template":"","format":"standard","meta":{"footnotes":""},"categories":[8,10,34],"tags":[29,30,28],"class_list":["post-31025","post","type-post","status-publish","format-standard","has-post-thumbnail","hentry","category-municipios","category-politica","category-tecoman","tag-grid","tag-news","tag-slider"],"_links":{"self":[{"href":"http:\/\/elobservatorio.com.mx\/index.php?rest_route=\/wp\/v2\/posts\/31025"}],"collection":[{"href":"http:\/\/elobservatorio.com.mx\/index.php?rest_route=\/wp\/v2\/posts"}],"about":[{"href":"http:\/\/elobservatorio.com.mx\/index.php?rest_route=\/wp\/v2\/types\/post"}],"author":[{"embeddable":true,"href":"http:\/\/elobservatorio.com.mx\/index.php?rest_route=\/wp\/v2\/users\/2"}],"replies":[{"embeddable":true,"href":"http:\/\/elobservatorio.com.mx\/index.php?rest_route=%2Fwp%2Fv2%2Fcomments&post=31025"}],"version-history":[{"count":1,"href":"http:\/\/elobservatorio.com.mx\/index.php?rest_route=\/wp\/v2\/posts\/31025\/revisions"}],"predecessor-version":[{"id":31027,"href":"http:\/\/elobservatorio.com.mx\/index.php?rest_route=\/wp\/v2\/posts\/31025\/revisions\/31027"}],"wp:featuredmedia":[{"embeddable":true,"href":"http:\/\/elobservatorio.com.mx\/index.php?rest_route=\/wp\/v2\/media\/31026"}],"wp:attachment":[{"href":"http:\/\/elobservatorio.com.mx\/index.php?rest_route=%2Fwp%2Fv2%2Fmedia&parent=31025"}],"wp:term":[{"taxonomy":"category","embeddable":true,"href":"http:\/\/elobservatorio.com.mx\/index.php?rest_route=%2Fwp%2Fv2%2Fcategories&post=31025"},{"taxonomy":"post_tag","embeddable":true,"href":"http:\/\/elobservatorio.com.mx\/index.php?rest_route=%2Fwp%2Fv2%2Ftags&post=31025"}],"curies":[{"name":"wp","href":"https:\/\/api.w.org\/{rel}","templated":true}]}}