{"id":31028,"date":"2024-10-07T18:23:22","date_gmt":"2024-10-08T00:23:22","guid":{"rendered":"http:\/\/elobservatorio.com.mx\/?p=31028"},"modified":"2024-10-07T18:23:22","modified_gmt":"2024-10-08T00:23:22","slug":"fge-participa-en-la-implementacion-de-la-ruta-name","status":"publish","type":"post","link":"http:\/\/elobservatorio.com.mx\/?p=31028","title":{"rendered":"FGE participa en la implementaci\u00f3n de la \u201cRuta NAME\u201d"},"content":{"rendered":"<p><em>* Se llev\u00f3 a cabo una reuni\u00f3n de trabajo en d\u00edas recientes, donde la titular de la Fiscal\u00eda Especializada en Delitos por Razones de G\u00e9nero y Trata de Personas fue ponente<\/em><\/p>\n<p>Beatriz Sandoval Ch\u00e1vez, titular de la Fiscal\u00eda Especializada en Delitos por Razones de G\u00e9nero y Trata de Personas, particip\u00f3 como ponente en una reuni\u00f3n de trabajo en la implementaci\u00f3n de la \u201cRuta para la atenci\u00f3n y protecci\u00f3n integral de Ni\u00f1as y Adolescentes, Madres y\/o Embarazadas menores de 15 a\u00f1os\u201d (Ruta NAME), donde participaron personal de esta Fiscal\u00eda Especializada y la Procuradur\u00eda de Protecci\u00f3n de Ni\u00f1as, Ni\u00f1os y Adolescentes (PRONNA).<\/p>\n<p>Dicho evento fue llevado a cabo en las instalaciones del Complejo Administrativo de Gobierno del Estado, donde se expuso los procesos integrales que lleva a cabo la instituci\u00f3n ante la denuncia de una ni\u00f1a y\/o adolescente menor de 15 a\u00f1os, esto con el objetivo de homologar el flujograma para correcta aplicaci\u00f3n de la Ruta NAME en instituciones del Estado de Colima.<\/p>\n<p>La Fiscal\u00eda General del Estado (FGE), contin\u00faa con su compromiso con las ni\u00f1as, adolescentes y mujeres colimenses, en erradicar cualquier tipo de violencia en el Estado, garantizando con ello el acceso a la justicia e impulsando acciones en el \u00e1mbito social que contribuya a este objetivo.<\/p>\n<p>&nbsp;<\/p>\n","protected":false},"excerpt":{"rendered":"<p>* Se llev\u00f3 a cabo una reuni\u00f3n de trabajo en d\u00edas recientes, donde la titular de la Fiscal\u00eda Especializada en Delitos por Razones de G\u00e9nero y Trata de Personas fue ponente Beatriz Sandoval Ch\u00e1vez, titular de la Fiscal\u00eda Especializada en Delitos por Razones de G\u00e9nero y Trata de Personas, particip\u00f3 como ponente en una reuni\u00f3n&#8230;<\/p>\n","protected":false},"author":2,"featured_media":31029,"comment_status":"open","ping_status":"open","sticky":false,"template":"","format":"standard","meta":{"footnotes":""},"categories":[15],"tags":[29,30,28],"class_list":["post-31028","post","type-post","status-publish","format-standard","has-post-thumbnail","hentry","category-seguridad-y-justicia","tag-grid","tag-news","tag-slider"],"_links":{"self":[{"href":"http:\/\/elobservatorio.com.mx\/index.php?rest_route=\/wp\/v2\/posts\/31028"}],"collection":[{"href":"http:\/\/elobservatorio.com.mx\/index.php?rest_route=\/wp\/v2\/posts"}],"about":[{"href":"http:\/\/elobservatorio.com.mx\/index.php?rest_route=\/wp\/v2\/types\/post"}],"author":[{"embeddable":true,"href":"http:\/\/elobservatorio.com.mx\/index.php?rest_route=\/wp\/v2\/users\/2"}],"replies":[{"embeddable":true,"href":"http:\/\/elobservatorio.com.mx\/index.php?rest_route=%2Fwp%2Fv2%2Fcomments&post=31028"}],"version-history":[{"count":1,"href":"http:\/\/elobservatorio.com.mx\/index.php?rest_route=\/wp\/v2\/posts\/31028\/revisions"}],"predecessor-version":[{"id":31030,"href":"http:\/\/elobservatorio.com.mx\/index.php?rest_route=\/wp\/v2\/posts\/31028\/revisions\/31030"}],"wp:featuredmedia":[{"embeddable":true,"href":"http:\/\/elobservatorio.com.mx\/index.php?rest_route=\/wp\/v2\/media\/31029"}],"wp:attachment":[{"href":"http:\/\/elobservatorio.com.mx\/index.php?rest_route=%2Fwp%2Fv2%2Fmedia&parent=31028"}],"wp:term":[{"taxonomy":"category","embeddable":true,"href":"http:\/\/elobservatorio.com.mx\/index.php?rest_route=%2Fwp%2Fv2%2Fcategories&post=31028"},{"taxonomy":"post_tag","embeddable":true,"href":"http:\/\/elobservatorio.com.mx\/index.php?rest_route=%2Fwp%2Fv2%2Ftags&post=31028"}],"curies":[{"name":"wp","href":"https:\/\/api.w.org\/{rel}","templated":true}]}}