{"id":31031,"date":"2024-10-07T18:40:52","date_gmt":"2024-10-08T00:40:52","guid":{"rendered":"http:\/\/elobservatorio.com.mx\/?p=31031"},"modified":"2024-10-07T18:40:52","modified_gmt":"2024-10-08T00:40:52","slug":"griselda-martinez-no-hay-voluntad-de-la-comision-entrante-de-la-transicion-para-concluir-el-proceso-de-entrega-recepcion","status":"publish","type":"post","link":"http:\/\/elobservatorio.com.mx\/?p=31031","title":{"rendered":"Griselda Mart\u00ednez: no hay voluntad de la Comisi\u00f3n entrante de la transici\u00f3n para concluir el proceso de entrega &#8211; recepci\u00f3n"},"content":{"rendered":"<p><em>*Por 15 minutos de retraso del inicio de la reuni\u00f3n que se ten\u00eda programada para hoy, el el representante de la alcaldesa electa, Fernando Escalona, porque ella,\u00a0 decidi\u00f3 no esperar y retirarse. A\u00fan sin \u00e9l se llev\u00f3 a cabo la reuni\u00f3n, dice la alcaldesa saliente\u00a0<\/em><\/p>\n<p>Luego de que se hab\u00eda programado una reuni<\/p>\n<div id='gallery-1' class='gallery galleryid-31031 gallery-columns-3 gallery-size-full'><figure class='gallery-item'>\n\t\t\t<div class='gallery-icon landscape'>\n\t\t\t\t<a href='http:\/\/elobservatorio.com.mx\/?attachment_id=31032'><img loading=\"lazy\" decoding=\"async\" width=\"900\" height=\"600\" src=\"http:\/\/elobservatorio.com.mx\/wp-content\/uploads\/2024\/10\/lista5.jpg\" class=\"attachment-full size-full\" alt=\"\" srcset=\"http:\/\/elobservatorio.com.mx\/wp-content\/uploads\/2024\/10\/lista5.jpg 900w, http:\/\/elobservatorio.com.mx\/wp-content\/uploads\/2024\/10\/lista5-300x200.jpg 300w, http:\/\/elobservatorio.com.mx\/wp-content\/uploads\/2024\/10\/lista5-768x512.jpg 768w, http:\/\/elobservatorio.com.mx\/wp-content\/uploads\/2024\/10\/lista5-600x400.jpg 600w, http:\/\/elobservatorio.com.mx\/wp-content\/uploads\/2024\/10\/lista5-272x182.jpg 272w\" sizes=\"(max-width: 900px) 100vw, 900px\" \/><\/a>\n\t\t\t<\/div><\/figure><figure class='gallery-item'>\n\t\t\t<div class='gallery-icon landscape'>\n\t\t\t\t<a href='http:\/\/elobservatorio.com.mx\/?attachment_id=31033'><img loading=\"lazy\" decoding=\"async\" width=\"900\" height=\"675\" src=\"http:\/\/elobservatorio.com.mx\/wp-content\/uploads\/2024\/10\/lista4.jpg\" class=\"attachment-full size-full\" alt=\"\" srcset=\"http:\/\/elobservatorio.com.mx\/wp-content\/uploads\/2024\/10\/lista4.jpg 900w, http:\/\/elobservatorio.com.mx\/wp-content\/uploads\/2024\/10\/lista4-300x225.jpg 300w, http:\/\/elobservatorio.com.mx\/wp-content\/uploads\/2024\/10\/lista4-768x576.jpg 768w\" sizes=\"(max-width: 900px) 100vw, 900px\" \/><\/a>\n\t\t\t<\/div><\/figure><figure class='gallery-item'>\n\t\t\t<div class='gallery-icon portrait'>\n\t\t\t\t<a href='http:\/\/elobservatorio.com.mx\/?attachment_id=31034'><img loading=\"lazy\" decoding=\"async\" width=\"686\" height=\"900\" src=\"http:\/\/elobservatorio.com.mx\/wp-content\/uploads\/2024\/10\/lista-2.jpg\" class=\"attachment-full size-full\" alt=\"\" srcset=\"http:\/\/elobservatorio.com.mx\/wp-content\/uploads\/2024\/10\/lista-2.jpg 686w, http:\/\/elobservatorio.com.mx\/wp-content\/uploads\/2024\/10\/lista-2-229x300.jpg 229w\" sizes=\"(max-width: 686px) 100vw, 686px\" \/><\/a>\n\t\t\t<\/div><\/figure><figure class='gallery-item'>\n\t\t\t<div class='gallery-icon portrait'>\n\t\t\t\t<a href='http:\/\/elobservatorio.com.mx\/?attachment_id=31035'><img loading=\"lazy\" decoding=\"async\" width=\"673\" height=\"900\" src=\"http:\/\/elobservatorio.com.mx\/wp-content\/uploads\/2024\/10\/lista-1.jpg\" class=\"attachment-full size-full\" alt=\"\" srcset=\"http:\/\/elobservatorio.com.mx\/wp-content\/uploads\/2024\/10\/lista-1.jpg 673w, http:\/\/elobservatorio.com.mx\/wp-content\/uploads\/2024\/10\/lista-1-224x300.jpg 224w\" sizes=\"(max-width: 673px) 100vw, 673px\" \/><\/a>\n\t\t\t<\/div><\/figure>\n\t\t<\/div>\n\n<p>\u00f3n con la Comisi\u00f3n de Transici\u00f3n para este lunes, y seguir con el proceso de entrega \u2013 recepci\u00f3n de la administraci\u00f3n municipal de Manzanillo, las personas encargadas de la comisi\u00f3n entrante, decidieron no aceptar una tolerancia de 15 minutos para llevar a cabo esos trabajos, por lo que la presidenta Griselda Mart\u00ednez, consider\u00f3 una falta de voluntad para concluir de manera positiva ese proceso.<\/p>\n<p>Desde el segundo piso de las instalaciones del INPLAN, la alcaldesa, aclar\u00f3 que, a esta reuni\u00f3n, programada a las 12 del d\u00eda, se retras\u00f3 por 15 minutos dado que atend\u00eda una reuni\u00f3n en la Comisi\u00f3n de Agua Potable, Drenaje y Alcantarillado de Manzanillo (CAPDAM), sin embargo, el representante de la alcaldesa electa, Fernando Escalona, porque ella, Rosa Mar\u00eda Bayardo, no se present\u00f3 a la reuni\u00f3n, decidi\u00f3 no esperar y retirarse, llev\u00e1ndose efecto la reuni\u00f3n solamente con la representaci\u00f3n del \u00d3rgano Superior de Auditor\u00eda y Fiscalizaci\u00f3n Gubernamental (OSAFIG) y la comisi\u00f3n integrada por parte del ayuntamiento Saliente.<\/p>\n<p>Por el Ayuntamiento de Manzanillo, estuvieron presentes, la presidenta municipal Griselda Mart\u00ednez, el director de Asuntos Jur\u00eddicos, Alejandro Sandoval; el tesorero, Lalo Camarena; el encargado del despacho de la Oficial\u00eda Mayor, H\u00e9ctor Ram\u00edrez; la Contralora, Irene Rodr\u00edguez; y tambi\u00e9n la titular del \u00d3rgano Superior de Auditor\u00eda y Fiscalizaci\u00f3n Gubernamental, Indira Isabel Garc\u00eda y dos miembros m\u00e1s de dicha instituci\u00f3n con quienes se fijaron compromisos para seguir con el proceso de la entrega formal y legal de todos los bienes municipales para el buen funcionamiento de la siguiente administraci\u00f3n.<\/p>\n","protected":false},"excerpt":{"rendered":"<p>*Por 15 minutos de retraso del inicio de la reuni\u00f3n que se ten\u00eda programada para hoy, el el representante de la alcaldesa electa, Fernando Escalona, porque ella,\u00a0 decidi\u00f3 no esperar y retirarse. A\u00fan sin \u00e9l se llev\u00f3 a cabo la reuni\u00f3n, dice la alcaldesa saliente\u00a0 Luego de que se hab\u00eda programado una reuni \u00f3n con&#8230;<\/p>\n","protected":false},"author":2,"featured_media":31032,"comment_status":"open","ping_status":"open","sticky":false,"template":"","format":"standard","meta":{"footnotes":""},"categories":[35,8],"tags":[29,30,28],"class_list":["post-31031","post","type-post","status-publish","format-standard","has-post-thumbnail","hentry","category-manzanillo","category-municipios","tag-grid","tag-news","tag-slider"],"_links":{"self":[{"href":"http:\/\/elobservatorio.com.mx\/index.php?rest_route=\/wp\/v2\/posts\/31031"}],"collection":[{"href":"http:\/\/elobservatorio.com.mx\/index.php?rest_route=\/wp\/v2\/posts"}],"about":[{"href":"http:\/\/elobservatorio.com.mx\/index.php?rest_route=\/wp\/v2\/types\/post"}],"author":[{"embeddable":true,"href":"http:\/\/elobservatorio.com.mx\/index.php?rest_route=\/wp\/v2\/users\/2"}],"replies":[{"embeddable":true,"href":"http:\/\/elobservatorio.com.mx\/index.php?rest_route=%2Fwp%2Fv2%2Fcomments&post=31031"}],"version-history":[{"count":1,"href":"http:\/\/elobservatorio.com.mx\/index.php?rest_route=\/wp\/v2\/posts\/31031\/revisions"}],"predecessor-version":[{"id":31036,"href":"http:\/\/elobservatorio.com.mx\/index.php?rest_route=\/wp\/v2\/posts\/31031\/revisions\/31036"}],"wp:featuredmedia":[{"embeddable":true,"href":"http:\/\/elobservatorio.com.mx\/index.php?rest_route=\/wp\/v2\/media\/31032"}],"wp:attachment":[{"href":"http:\/\/elobservatorio.com.mx\/index.php?rest_route=%2Fwp%2Fv2%2Fmedia&parent=31031"}],"wp:term":[{"taxonomy":"category","embeddable":true,"href":"http:\/\/elobservatorio.com.mx\/index.php?rest_route=%2Fwp%2Fv2%2Fcategories&post=31031"},{"taxonomy":"post_tag","embeddable":true,"href":"http:\/\/elobservatorio.com.mx\/index.php?rest_route=%2Fwp%2Fv2%2Ftags&post=31031"}],"curies":[{"name":"wp","href":"https:\/\/api.w.org\/{rel}","templated":true}]}}