{"id":31066,"date":"2024-10-08T21:14:15","date_gmt":"2024-10-09T03:14:15","guid":{"rendered":"http:\/\/elobservatorio.com.mx\/?p=31066"},"modified":"2024-10-08T21:14:15","modified_gmt":"2024-10-09T03:14:15","slug":"reconoce-501-el-trabajo-de-tey-gutierrez-a-favor-de-las-mujeres","status":"publish","type":"post","link":"http:\/\/elobservatorio.com.mx\/?p=31066","title":{"rendered":"Reconoce 50+1 el trabajo de Tey Guti\u00e9rrez a favor de las mujeres"},"content":{"rendered":"<p><em>*Destacan el alumbrado p\u00fablico, los caminos seguros, las marchas exploratorias y la aplicaci\u00f3n Bot\u00f3n Diana<\/em><\/p>\n<p>Villa de \u00c1lvarez, Col.- Por los lazos estrechos de colaboraci\u00f3n con la organizaci\u00f3n 50+1 y su trabajo a favor de las mujeres, esa Colectiva entreg\u00f3 un diploma de reconocimiento a Tey Guti\u00e9rrez Andrade, Presidenta Municipal de Villa de \u00c1lvarez.<\/p>\n<p>En el Despacho de la Presidencia Municipal, Leticia Zepeda Mesina, Presidenta de 50+1 Colima, destac\u00f3 que no obstante mujeres ya hab\u00edan presidido el Ayuntamiento de Villa de \u00c1lvarez, con Tey Guti\u00e9rrez ha sido fehacientemente notorio el trabajo realizado de la mano con esa agrupaci\u00f3n.<\/p>\n<p>Record\u00f3 que entre otras acciones realizadas en el gobierno de Tey Guti\u00e9rrez y que beneficiaron a las mujeres, est\u00e1 el haber dotado de iluminaci\u00f3n las calles que no contaban con el servicio, la construcci\u00f3n de senderos seguros y la realizaci\u00f3n de marchas exploratorias.<\/p>\n<p>\u201cCelebramos que se haya hecho este nexo, que hayamos trabajado y que nos representes como una mujer que ha trabajado por las mujeres, a las que no les quedaste mal, al contrario, les quedaste bien, por eso nos sentimos muy orgullosas\u201d, expres\u00f3 Zepeda Mesina.<\/p>\n<p>Tras agradecer el diploma de reconocimiento, la Alcaldesa Tey Guti\u00e9rrez tambi\u00e9n dio las gracias a 50+1 Colima por colaborar y ayudar a que la administraci\u00f3n municipal sea m\u00e1s asertiva en las pol\u00edticas p\u00fablicas a favor de las mujeres villalvarenses, pues asesoraron en temas como las marchas exploratorias y los caminos seguros.<\/p>\n<p>La Presidenta Municipal mencion\u00f3 tambi\u00e9n el Bot\u00f3n Diana, aplicaci\u00f3n de tel\u00e9fono celular de descarga y uso gratuito que brinda auxilio a las mujeres que se sientan o encuentren en riesgo, la cual, dijo, debe estar en todos los tel\u00e9fonos celulares de las villalvarenses, \u201cpor lo que la potenciaremos a\u00fan m\u00e1s, pues ha sido muy \u00fatil, ya que gracias a reportes enviados a trav\u00e9s de la app, se ha logrado la detenci\u00f3n de agresores\u201d.<\/p>\n<p>Durante la entrega del diploma de reconocimiento a Tey Guti\u00e9rrez, acompa\u00f1aron a Leticia Zepeda, Sof\u00eda de Alva y Cristina C\u00e1rdenas, de 50+1, y asistieron tambi\u00e9n la Regidora Perla V\u00e1zquez y el Regidor Adri\u00e1n L\u00f3pez, adem\u00e1s de funcionarios y funcionarias municipales, coordinados por la Secretaria del Ayuntamiento, Lizet Rodr\u00edguez.<\/p>\n","protected":false},"excerpt":{"rendered":"<p>*Destacan el alumbrado p\u00fablico, los caminos seguros, las marchas exploratorias y la aplicaci\u00f3n Bot\u00f3n Diana Villa de \u00c1lvarez, Col.- Por los lazos estrechos de colaboraci\u00f3n con la organizaci\u00f3n 50+1 y su trabajo a favor de las mujeres, esa Colectiva entreg\u00f3 un diploma de reconocimiento a Tey Guti\u00e9rrez Andrade, Presidenta Municipal de Villa de \u00c1lvarez. En&#8230;<\/p>\n","protected":false},"author":2,"featured_media":31067,"comment_status":"open","ping_status":"open","sticky":false,"template":"","format":"standard","meta":{"footnotes":""},"categories":[8,42],"tags":[29,30,28],"class_list":["post-31066","post","type-post","status-publish","format-standard","has-post-thumbnail","hentry","category-municipios","category-villa-de-alvarez","tag-grid","tag-news","tag-slider"],"_links":{"self":[{"href":"http:\/\/elobservatorio.com.mx\/index.php?rest_route=\/wp\/v2\/posts\/31066"}],"collection":[{"href":"http:\/\/elobservatorio.com.mx\/index.php?rest_route=\/wp\/v2\/posts"}],"about":[{"href":"http:\/\/elobservatorio.com.mx\/index.php?rest_route=\/wp\/v2\/types\/post"}],"author":[{"embeddable":true,"href":"http:\/\/elobservatorio.com.mx\/index.php?rest_route=\/wp\/v2\/users\/2"}],"replies":[{"embeddable":true,"href":"http:\/\/elobservatorio.com.mx\/index.php?rest_route=%2Fwp%2Fv2%2Fcomments&post=31066"}],"version-history":[{"count":1,"href":"http:\/\/elobservatorio.com.mx\/index.php?rest_route=\/wp\/v2\/posts\/31066\/revisions"}],"predecessor-version":[{"id":31068,"href":"http:\/\/elobservatorio.com.mx\/index.php?rest_route=\/wp\/v2\/posts\/31066\/revisions\/31068"}],"wp:featuredmedia":[{"embeddable":true,"href":"http:\/\/elobservatorio.com.mx\/index.php?rest_route=\/wp\/v2\/media\/31067"}],"wp:attachment":[{"href":"http:\/\/elobservatorio.com.mx\/index.php?rest_route=%2Fwp%2Fv2%2Fmedia&parent=31066"}],"wp:term":[{"taxonomy":"category","embeddable":true,"href":"http:\/\/elobservatorio.com.mx\/index.php?rest_route=%2Fwp%2Fv2%2Fcategories&post=31066"},{"taxonomy":"post_tag","embeddable":true,"href":"http:\/\/elobservatorio.com.mx\/index.php?rest_route=%2Fwp%2Fv2%2Ftags&post=31066"}],"curies":[{"name":"wp","href":"https:\/\/api.w.org\/{rel}","templated":true}]}}