{"id":31073,"date":"2024-10-08T22:14:46","date_gmt":"2024-10-09T04:14:46","guid":{"rendered":"http:\/\/elobservatorio.com.mx\/?p=31073"},"modified":"2024-10-08T22:14:46","modified_gmt":"2024-10-09T04:14:46","slug":"diputados-aprueban-elevar-a-rango-constitucional-que-las-vias-ferreas-se-usen-para-trenes-de-pasajeros","status":"publish","type":"post","link":"http:\/\/elobservatorio.com.mx\/?p=31073","title":{"rendered":"Diputados aprueban elevar a rango constitucional que las v\u00edas f\u00e9rreas se usen para trenes de pasajeros"},"content":{"rendered":"<p><em>\u2022 El dictamen, avalado por mayor\u00eda calificada de 472 votos, fue remitido al Senado<\/em><\/p>\n<p><em>\u2022 El diputado Sergio Guti\u00e9rrez Luna cit\u00f3 a sesi\u00f3n del Pleno ma\u00f1ana mi\u00e9rcoles 9 de octubre, a las 11:00 horas, en modalidad presencial<\/em><\/p>\n<p>La C\u00e1mara de Diputados aprob\u00f3, con la unanimidad de 472 votos a favor, el dictamen por el que el Estado mexicano retoma el derecho de utilizar las v\u00edas ferroviarias para prestar el servicio de transporte de pasajeros, y lo envi\u00f3 al Senado para sus efectos constitucionales<\/p>\n<p>El presidente de la Mesa Directiva, diputado Sergio Guti\u00e9rrez Luna, al dar lectura a una s\u00edntesis del dictamen, expres\u00f3 que establece la reanudaci\u00f3n del derecho de parte del Estado mexicano a utilizar las v\u00edas ferroviarias para prestar el servicio de transporte de pasajeros mediante asignaciones a empresas p\u00fablicas o concesiones a particulares.<\/p>\n<p>El documento, que reforma el p\u00e1rrafo cuarto y adiciona un p\u00e1rrafo quinto, recorriendo por su orden los actuales, del art\u00edculo 28 de la Constituci\u00f3n Pol\u00edtica, establece que el Ejecutivo Federal podr\u00e1 otorgar asignaciones a empresas p\u00fablicas o concesiones a particulares.<\/p>\n<p>Menciona que tanto el transporte de pasajeros como de carga son \u00e1reas prioritarias para el desarrollo nacional en los t\u00e9rminos del art\u00edculo 25 de la Constituci\u00f3n Pol\u00edtica.<\/p>\n<p>En el r\u00e9gimen transitorio destaca que particulares que cuenten con concesiones para prestar el servicio de transporte ferroviario de carga podr\u00e1n obtener concesiones para prestar el servicio de transporte ferroviario de pasajeros. En cualquier caso, se dar\u00e1 preferencia al servicio de transporte ferroviario de pasajeros, en t\u00e9rminos de lo que determine la legislaci\u00f3n.<\/p>\n<p>Adem\u00e1s, el Congreso de la Uni\u00f3n tendr\u00e1 un plazo de 180 d\u00edas naturales a partir de la entrada en vigor del presente decreto para realizar las adecuaciones que resulten necesarias a las leyes secundarias correspondientes, en los t\u00e9rminos de \u00e9ste.<\/p>\n<p>Considera conveniente que las v\u00edas ferroviarias tengan un uso m\u00e1s eficiente, que no se concentre en el relevante transporte de carga, sino se ampl\u00ede al transporte de pasajeros.<\/p>\n<p>Lo anterior, con la participaci\u00f3n de empresas a las que se asigne o concesione el servicio en la forma y t\u00e9rminos que determine la ley, lo que ha de propiciar que el transporte de personas por la red carretera se diversifique y ampl\u00ede al ferroviario, lo cual intuitivamente permitir\u00e1 la disminuci\u00f3n de costos para el usuario final del servicio.<\/p>\n<p>Indica que el usuario final de ese servicio de transporte en el futuro podr\u00e1 elegir entre los diversos servicios disponibles, y subraya que un servicio ferroviario de transporte de personas competitivo solo ser\u00e1 posible si mejora en t\u00e9rminos de las v\u00edas, locomotoras, carros, coche, tiempos de traslado-precio, seguridad y calidad de servicio, en especial frente al transporte por carretera.<\/p>\n<p>El dictamen de la Comisi\u00f3n de Puntos Constitucionales en la LXV Legislatura deriva de una iniciativa que el expresidente de la Rep\u00fablica, Andr\u00e9s Manuel L\u00f3pez Obrador, present\u00f3 a la C\u00e1mara de Diputados el pasado 5 de febrero.<\/p>\n<p>Discusi\u00f3n en lo particular<\/p>\n<p>Para la discusi\u00f3n en lo particular, la vicepresidenta de la Mesa Directiva, diputada Mar\u00eda de los Dolores Padierna Luna (Morena) inform\u00f3 que se presentaron 135 reservas y con el oficio pol\u00edtico de las y los coordinadores parlamentarios se compactaron en 38 intervenciones.<\/p>\n<p>Diputadas y diputados de Morena, PAN, PT y PRI presentaron diversas reservas al \u00fanico art\u00edculo del decreto, las cuales fueron retiradas o no aceptadas a discusi\u00f3n por el Pleno y, por lo tanto, desechadas.<\/p>\n<p>Citan a sesi\u00f3n presencial, ma\u00f1ana mi\u00e9rcoles, a las 11 horas<\/p>\n<p>El diputado Sergio Guti\u00e9rrez Luna concluy\u00f3 la sesi\u00f3n y cit\u00f3 para la que tendr\u00e1 lugar ma\u00f1ana mi\u00e9rcoles 9 de octubre, a las 11:00 horas, en modalidad presencial.<\/p>\n","protected":false},"excerpt":{"rendered":"<p>\u2022 El dictamen, avalado por mayor\u00eda calificada de 472 votos, fue remitido al Senado \u2022 El diputado Sergio Guti\u00e9rrez Luna cit\u00f3 a sesi\u00f3n del Pleno ma\u00f1ana mi\u00e9rcoles 9 de octubre, a las 11:00 horas, en modalidad presencial La C\u00e1mara de Diputados aprob\u00f3, con la unanimidad de 472 votos a favor, el dictamen por el que&#8230;<\/p>\n","protected":false},"author":2,"featured_media":31074,"comment_status":"open","ping_status":"open","sticky":false,"template":"","format":"standard","meta":{"footnotes":""},"categories":[1],"tags":[29,30,28],"class_list":["post-31073","post","type-post","status-publish","format-standard","has-post-thumbnail","hentry","category-espacio-legislativo","tag-grid","tag-news","tag-slider"],"_links":{"self":[{"href":"http:\/\/elobservatorio.com.mx\/index.php?rest_route=\/wp\/v2\/posts\/31073"}],"collection":[{"href":"http:\/\/elobservatorio.com.mx\/index.php?rest_route=\/wp\/v2\/posts"}],"about":[{"href":"http:\/\/elobservatorio.com.mx\/index.php?rest_route=\/wp\/v2\/types\/post"}],"author":[{"embeddable":true,"href":"http:\/\/elobservatorio.com.mx\/index.php?rest_route=\/wp\/v2\/users\/2"}],"replies":[{"embeddable":true,"href":"http:\/\/elobservatorio.com.mx\/index.php?rest_route=%2Fwp%2Fv2%2Fcomments&post=31073"}],"version-history":[{"count":1,"href":"http:\/\/elobservatorio.com.mx\/index.php?rest_route=\/wp\/v2\/posts\/31073\/revisions"}],"predecessor-version":[{"id":31075,"href":"http:\/\/elobservatorio.com.mx\/index.php?rest_route=\/wp\/v2\/posts\/31073\/revisions\/31075"}],"wp:featuredmedia":[{"embeddable":true,"href":"http:\/\/elobservatorio.com.mx\/index.php?rest_route=\/wp\/v2\/media\/31074"}],"wp:attachment":[{"href":"http:\/\/elobservatorio.com.mx\/index.php?rest_route=%2Fwp%2Fv2%2Fmedia&parent=31073"}],"wp:term":[{"taxonomy":"category","embeddable":true,"href":"http:\/\/elobservatorio.com.mx\/index.php?rest_route=%2Fwp%2Fv2%2Fcategories&post=31073"},{"taxonomy":"post_tag","embeddable":true,"href":"http:\/\/elobservatorio.com.mx\/index.php?rest_route=%2Fwp%2Fv2%2Ftags&post=31073"}],"curies":[{"name":"wp","href":"https:\/\/api.w.org\/{rel}","templated":true}]}}