{"id":31083,"date":"2024-10-08T22:58:50","date_gmt":"2024-10-09T04:58:50","guid":{"rendered":"http:\/\/elobservatorio.com.mx\/?p=31083"},"modified":"2024-10-08T22:58:50","modified_gmt":"2024-10-09T04:58:50","slug":"margarita-moreno-entrega-preseas-al-merito-docente-prof-jorge-castell-2024","status":"publish","type":"post","link":"http:\/\/elobservatorio.com.mx\/?p=31083","title":{"rendered":"Margarita Moreno entrega preseas al m\u00e9rito docente \u00abProf. Jorge Castell 2024\u00bb."},"content":{"rendered":"<p><em>*Se entregaron 10 preseas y seis menciones honor\u00edficas por su trayectoria en favor de la sociedad, a trav\u00e9s de la educaci\u00f3n.<\/em><\/p>\n<p>En sesi\u00f3n solemne, la presidenta municipal de Colima, Margarita Moreno hizo entrega de las preseas al m\u00e9rito docente \u00abProf. Jorge Castell Guerrero 2024\u00bb a 10 maestras y maestros destacados en diferentes \u00e1mbitos, as\u00ed como seis menciones honor\u00edficas por su trayectoria en favor de la ni\u00f1ez y juventud en la capital colimense.<\/p>\n<p>La presea \u00abProf. Jorge Castell Guerrero\u00bb surgi\u00f3 hace m\u00e1s de 20 a\u00f1os, como una necesidad de distinguir a los docentes del municipio de Colima, quienes adem\u00e1s de su trayectoria al frente de grupo, destacan por su desempe\u00f1o laboral y social, que son reconocidos por los alumnos, padres de familia y directivos, quienes son los encargados de hacer la propuesta para ser merecedores a este reconocimiento.<\/p>\n<p>Margarita Moreno hizo entrega de las preseas a las maestras: M\u00f3nica Gabriela Malta Cruz, Karina Lizzet Padilla Amezcua, Adriana R\u00edos Aguilar, Claudia Gabriela Navarro Grajeda, Norma Estela Villanueva Reynoso, Magaly Berenice Carrillo Berber, Yolanda Hern\u00e1ndez Gultimea, Iliana Rodr\u00edguez Brambila, al maestro Eduardo Salazar Molina y la doctora Minerva del Carmen Rodr\u00edguez Salazar.<\/p>\n<p>En esta ocasi\u00f3n, se entreg\u00f3 menci\u00f3n honor\u00edfica a las profesoras: Mar\u00eda del Sol Tamayo P\u00e9rez, Bel\u00e9n Guadalupe Ure\u00f1a Guti\u00e9rrez, Edwiges Mendoza \u00c1lvarez, Jessica Noem\u00ed P\u00e9rez Garc\u00eda, al profesor, Salvador de la Madrid Urz\u00faa y al maestro Jes\u00fas Arturo Garc\u00eda D\u00edaz.<\/p>\n<p>Al dirigir su mensaje, la presidenta municipal destac\u00f3 la importancia de la educaci\u00f3n en la sociedad y el papel que desempe\u00f1an las y los docentes como ejemplo y fuente de inspiraci\u00f3n, donde adem\u00e1s de formar buenos ciudadanos se convierten en una gu\u00eda y orientaci\u00f3n para la ni\u00f1ez.<\/p>\n<p>\u00abTodos y todas tenemos mucho que agradecerles a las y los maestros, porque sabemos que muchos de ustedes se convierten en ejemplo, a veces en los gu\u00edas de la ni\u00f1ez, formando buenos ciudadanos que con su amor han logrado contribuir a la sociedad, porque desde las aulas se impulsa y promueve la paz; orgullosamente les digo que somos la primera administraci\u00f3n municipal, despu\u00e9s de muchas, que recuperamos este reconocimiento por tres a\u00f1os consecutivos\u00bb, destac\u00f3<\/p>\n<p>A nombre de los homenajeados, la maestra Iliana Rodr\u00edguez Brambila, agradeci\u00f3 el apoyo que se ha brindado por parte de la presidenta municipal a la educaci\u00f3n en el municipio de Colima, siendo Margarita Moreno cercana a las y los docentes, que una vez m\u00e1s, se ve reflejado con la entrega de estas preseas.<\/p>\n<p>\u00abJuntos podemos seguir construyendo un entorno m\u00e1s enriquecedor. Gracias por reconocer la importancia de la ense\u00f1anza y valorar el esfuerzo de quienes dedicamos nuestra vida a la formaci\u00f3n. Este premio resalta la labor docente en la sociedad. Sigamos iluminando el camino de todas y todos nuestros alumnos\u00bb, coment\u00f3 la galardonada quien comparti\u00f3 el micr\u00f3fono con el maestro Eduardo Salazar Molina.<\/p>\n<p>El regidor presidente de la Comisi\u00f3n de Educaci\u00f3n, Cultura y Recreaci\u00f3n del Cabildo capitalino, Federico Rangel Lozano, afirm\u00f3 que esta administraci\u00f3n encabezada por Margarita Moreno ha sido sensible a la educaci\u00f3n, manteni\u00e9ndose cercana, respaldando y promoviendo acciones que impactan en la ni\u00f1ez, pero tambi\u00e9n en quienes son gu\u00edas de la educaci\u00f3n, las maestras y maestros.<\/p>\n<p>El Secretario general de la Secci\u00f3n 6, Jos\u00e9 Jaime N\u00fa\u00f1ez Murgu\u00eda, agradeci\u00f3 el respaldo que las maestras y maestros han recibido por parte de la presidenta municipal, Margarita Moreno, a quien distingui\u00f3 como una aliada de la educaci\u00f3n, coincidiendo con el profesor David Hern\u00e1ndez Viera, secretario de la secci\u00f3n 39 del SNTE, quien llam\u00f3 a la presidenta capitalina como una mujer que ha trabajado por la educaci\u00f3n, que, en tres a\u00f1os consecutivos hizo el reconocimiento<\/p>\n<p>En este evento estuvo presente \u00a0en representaci\u00f3n del Congreso del Estado, la diputada Martha Elia Far\u00edas R\u00edos; el Secretario de la Secci\u00f3n 6 del SNTE, Jos\u00e9 Jaime N\u00fa\u00f1ez Murgu\u00eda, el secretario general de la Secci\u00f3n 39 del SNTE, David Hern\u00e1ndez Viera, la diputada local, \u00a0y la directora general adjunta de educaci\u00f3n, Cultura y Recreaci\u00f3n, Araceli Vargas Avi\u00f1a, as\u00ed como regidores y funcionarios del gobierno municipal de Colima.<\/p>\n","protected":false},"excerpt":{"rendered":"<p>*Se entregaron 10 preseas y seis menciones honor\u00edficas por su trayectoria en favor de la sociedad, a trav\u00e9s de la educaci\u00f3n. En sesi\u00f3n solemne, la presidenta municipal de Colima, Margarita Moreno hizo entrega de las preseas al m\u00e9rito docente \u00abProf. Jorge Castell Guerrero 2024\u00bb a 10 maestras y maestros destacados en diferentes \u00e1mbitos, as\u00ed como&#8230;<\/p>\n","protected":false},"author":2,"featured_media":31084,"comment_status":"open","ping_status":"open","sticky":false,"template":"","format":"standard","meta":{"footnotes":""},"categories":[36,8],"tags":[29,30,28],"class_list":["post-31083","post","type-post","status-publish","format-standard","has-post-thumbnail","hentry","category-colima","category-municipios","tag-grid","tag-news","tag-slider"],"_links":{"self":[{"href":"http:\/\/elobservatorio.com.mx\/index.php?rest_route=\/wp\/v2\/posts\/31083"}],"collection":[{"href":"http:\/\/elobservatorio.com.mx\/index.php?rest_route=\/wp\/v2\/posts"}],"about":[{"href":"http:\/\/elobservatorio.com.mx\/index.php?rest_route=\/wp\/v2\/types\/post"}],"author":[{"embeddable":true,"href":"http:\/\/elobservatorio.com.mx\/index.php?rest_route=\/wp\/v2\/users\/2"}],"replies":[{"embeddable":true,"href":"http:\/\/elobservatorio.com.mx\/index.php?rest_route=%2Fwp%2Fv2%2Fcomments&post=31083"}],"version-history":[{"count":1,"href":"http:\/\/elobservatorio.com.mx\/index.php?rest_route=\/wp\/v2\/posts\/31083\/revisions"}],"predecessor-version":[{"id":31085,"href":"http:\/\/elobservatorio.com.mx\/index.php?rest_route=\/wp\/v2\/posts\/31083\/revisions\/31085"}],"wp:featuredmedia":[{"embeddable":true,"href":"http:\/\/elobservatorio.com.mx\/index.php?rest_route=\/wp\/v2\/media\/31084"}],"wp:attachment":[{"href":"http:\/\/elobservatorio.com.mx\/index.php?rest_route=%2Fwp%2Fv2%2Fmedia&parent=31083"}],"wp:term":[{"taxonomy":"category","embeddable":true,"href":"http:\/\/elobservatorio.com.mx\/index.php?rest_route=%2Fwp%2Fv2%2Fcategories&post=31083"},{"taxonomy":"post_tag","embeddable":true,"href":"http:\/\/elobservatorio.com.mx\/index.php?rest_route=%2Fwp%2Fv2%2Ftags&post=31083"}],"curies":[{"name":"wp","href":"https:\/\/api.w.org\/{rel}","templated":true}]}}