{"id":31111,"date":"2024-10-09T15:46:36","date_gmt":"2024-10-09T21:46:36","guid":{"rendered":"http:\/\/elobservatorio.com.mx\/?p=31111"},"modified":"2024-10-09T15:46:36","modified_gmt":"2024-10-09T21:46:36","slug":"a-seis-dias-de-tomar-protesta-el-iee-entrega-constancia-de-regidor-a-efren-pacheco-la-pupi-en-manzanillo","status":"publish","type":"post","link":"http:\/\/elobservatorio.com.mx\/?p=31111","title":{"rendered":"A seis d\u00edas de tomar protesta, el IEE entrega constancia de regidor a Efr\u00e9n Pacheco \u00abLa \u00abPupi\u00bb, en Manzanillo"},"content":{"rendered":"<ul>\n<li><em>Da cumplimiento a sentencia del TEE y expide constancias de regidur\u00edas de representaci\u00f3n proporcional para Manzanillo<\/em><\/li>\n<\/ul>\n<p>El Consejo General del Instituto Electoral del Estado de Colima (IEE) realiz\u00f3 la expedici\u00f3n de Constancias de Asignaci\u00f3n de Regidur\u00edas por el Principio de Representaci\u00f3n Proporcional para el Ayuntamiento de Manzanillo, en cumplimiento a la determinaci\u00f3n asumida por el Tribunal Electoral del Estado de Colima (TEE), en la Sentencia reca\u00edda en el Juicio para la Defensa Ciudadana Electoral, identificado con el n\u00famero de Expediente JDCE-38\/2024.<\/p>\n<p>Lo anterior luego de que en la referida sentencia la autoridad jurisdiccional local orden\u00f3 expedir y entregar la constancia respectiva al ciudadano Efr\u00e9n Pacheco \u00c1valos, lo cual se cumpliment\u00f3 en sesi\u00f3n anterior; pero \u00a0tambi\u00e9n orden\u00f3 la expedici\u00f3n de constancias para las ciudadanas y ciudadanos que as\u00ed les correspondi\u00f3, acto que qued\u00f3 pendiente de su atenci\u00f3n.<\/p>\n<p>En esa tesitura, durante la Quincuag\u00e9sima Primera Sesi\u00f3n Extraordinaria del Proceso Electoral Local 2023-2024 celebrada este mi\u00e9rcoles 09 de octubre, se dio cumplimiento al resolutivo cuarto de la sentencia, por lo que el \u00d3rgano Superior de Direcci\u00f3n del Instituto expidi\u00f3 las Constancias de Asignaci\u00f3n para las Regidur\u00edas que fueron intocadas.<\/p>\n<p>Resulta pertinente destacar que las constancias que hoy se entregan no alteran las asignaciones que ya han sido p\u00fablicas y, adicionalmente, reconocidas por el Tribunal Electoral; es decir, \u00fanicamente se emite constancia a dichas personas. Es as\u00ed que las Regidur\u00edas de Representaci\u00f3n Proporcional para el periodo 2024-2027 en el Cabildo de Manzanillo, corresponden de la siguiente manera:<\/p>\n<table>\n<tbody>\n<tr>\n<td width=\"272\"><strong>\u00a0<\/strong><\/td>\n<td width=\"151\"><strong>PROPIETARIO<\/strong><\/td>\n<td width=\"162\"><strong>SUPLENTE<\/strong><\/td>\n<\/tr>\n<tr>\n<td colspan=\"3\" width=\"586\"><strong>\u00a0<\/strong><\/td>\n<\/tr>\n<tr>\n<td rowspan=\"2\" width=\"272\">Coalici\u00f3n \u201cFuerza y Coraz\u00f3n por Colima\u201d conformada por los partidos pol\u00edticos Acci\u00f3n Nacional y Revolucionario Institucional<\/td>\n<td width=\"151\">Sara Valdovinos Rinc\u00f3n.<\/td>\n<td width=\"162\">Ana Emilia Huerta C\u00e1rdenas.<\/td>\n<\/tr>\n<tr>\n<td width=\"151\">Jos\u00e9 Luis Michel Ram\u00edrez<\/td>\n<td width=\"162\">Tom\u00e1s Pe\u00f1aloza L\u00f3pez.<\/td>\n<\/tr>\n<tr>\n<td width=\"272\"><strong>\u00a0<\/strong><\/td>\n<td width=\"151\"><\/td>\n<td width=\"162\"><\/td>\n<\/tr>\n<tr>\n<td rowspan=\"2\" width=\"272\">Movimiento Ciudadano<\/td>\n<td width=\"151\">Martha Mar\u00eda Zepeda del Toro<\/td>\n<td width=\"162\">Ver\u00f3nica Mart\u00ednez Mart\u00ednez<\/td>\n<\/tr>\n<tr>\n<td width=\"151\">Hermelinda Anguiano Cadenas<\/td>\n<td width=\"162\">Antonia Darling Ram\u00edrez Rosas.<\/td>\n<\/tr>\n<tr>\n<td width=\"272\"><strong>\u00a0<\/strong><\/td>\n<td width=\"151\"><\/td>\n<td width=\"162\"><\/td>\n<\/tr>\n<tr>\n<td width=\"272\">Fuerza por M\u00e9xico Colima<\/td>\n<td width=\"151\">Efr\u00e9n Pacheco \u00c1valos<\/td>\n<td width=\"162\">Cynthia Karina Trillo Mata<\/td>\n<\/tr>\n<\/tbody>\n<\/table>\n<p>&nbsp;<\/p>\n","protected":false},"excerpt":{"rendered":"<p>Da cumplimiento a sentencia del TEE y expide constancias de regidur\u00edas de representaci\u00f3n proporcional para Manzanillo El Consejo General del Instituto Electoral del Estado de Colima (IEE) realiz\u00f3 la expedici\u00f3n de Constancias de Asignaci\u00f3n de Regidur\u00edas por el Principio de Representaci\u00f3n Proporcional para el Ayuntamiento de Manzanillo, en cumplimiento a la determinaci\u00f3n asumida por el&#8230;<\/p>\n","protected":false},"author":2,"featured_media":31115,"comment_status":"closed","ping_status":"open","sticky":false,"template":"","format":"standard","meta":{"footnotes":""},"categories":[12,10],"tags":[29,30,28],"class_list":["post-31111","post","type-post","status-publish","format-standard","has-post-thumbnail","hentry","category-sociedad","category-politica","tag-grid","tag-news","tag-slider"],"_links":{"self":[{"href":"http:\/\/elobservatorio.com.mx\/index.php?rest_route=\/wp\/v2\/posts\/31111"}],"collection":[{"href":"http:\/\/elobservatorio.com.mx\/index.php?rest_route=\/wp\/v2\/posts"}],"about":[{"href":"http:\/\/elobservatorio.com.mx\/index.php?rest_route=\/wp\/v2\/types\/post"}],"author":[{"embeddable":true,"href":"http:\/\/elobservatorio.com.mx\/index.php?rest_route=\/wp\/v2\/users\/2"}],"replies":[{"embeddable":true,"href":"http:\/\/elobservatorio.com.mx\/index.php?rest_route=%2Fwp%2Fv2%2Fcomments&post=31111"}],"version-history":[{"count":1,"href":"http:\/\/elobservatorio.com.mx\/index.php?rest_route=\/wp\/v2\/posts\/31111\/revisions"}],"predecessor-version":[{"id":31116,"href":"http:\/\/elobservatorio.com.mx\/index.php?rest_route=\/wp\/v2\/posts\/31111\/revisions\/31116"}],"wp:featuredmedia":[{"embeddable":true,"href":"http:\/\/elobservatorio.com.mx\/index.php?rest_route=\/wp\/v2\/media\/31115"}],"wp:attachment":[{"href":"http:\/\/elobservatorio.com.mx\/index.php?rest_route=%2Fwp%2Fv2%2Fmedia&parent=31111"}],"wp:term":[{"taxonomy":"category","embeddable":true,"href":"http:\/\/elobservatorio.com.mx\/index.php?rest_route=%2Fwp%2Fv2%2Fcategories&post=31111"},{"taxonomy":"post_tag","embeddable":true,"href":"http:\/\/elobservatorio.com.mx\/index.php?rest_route=%2Fwp%2Fv2%2Ftags&post=31111"}],"curies":[{"name":"wp","href":"https:\/\/api.w.org\/{rel}","templated":true}]}}