{"id":31120,"date":"2024-10-09T21:59:18","date_gmt":"2024-10-10T03:59:18","guid":{"rendered":"http:\/\/elobservatorio.com.mx\/?p=31120"},"modified":"2024-10-09T21:59:18","modified_gmt":"2024-10-10T03:59:18","slug":"aliados-fuera-del-gabinete","status":"publish","type":"post","link":"http:\/\/elobservatorio.com.mx\/?p=31120","title":{"rendered":"ALIADOS FUERA DEL GABINETE"},"content":{"rendered":"<p class=\"x_gmail-CuerpoA\"><span class=\"x_gmail-Ninguno\"><b><span lang=\"ES-TRAD\" data-olk-copy-source=\"MessageBody\">EN CONTACTO Mx<\/span><\/b><\/span><\/p>\n<p class=\"x_gmail-CuerpoA\"><em><span class=\"x_gmail-Ninguno\"><span lang=\"ES-TRAD\">Por Carlos Bonaparte<\/span><\/span><\/em><\/p>\n<p class=\"x_gmail-CuerpoA\"><em><strong><span class=\"x_gmail-Ninguno\"><span lang=\"ES-TRAD\">\u00a0* <\/span><\/span><span class=\"x_gmail-Ninguno\"><span lang=\"ES-TRAD\">En el Gabinete legal como ampliado, Sheinbaum acept\u00f3 el pago de \u201ccuotas y cuates\u201d<\/span><\/span><\/strong><\/em><\/p>\n<p class=\"x_gmail-CuerpoA\"><em><strong><span class=\"x_gmail-Ninguno\"><span lang=\"ES-TRAD\">* Millones de mexicanos dudan de su independencia y libertad para ejercer el cargo<\/span><\/span><\/strong><\/em><\/p>\n<p class=\"x_gmail-CuerpoA\"><span class=\"x_gmail-Ninguno\"><b><span lang=\"ES-TRAD\">\u00a0<\/span><\/b><\/span><span class=\"x_gmail-Ninguno\"><span lang=\"ES-TRAD\">Claudia Sheinbaum arranc\u00f3 su gesti\u00f3n como primer mujer presidenta con un Gabinete en el que conjug\u00f3 sus propios nombramientos y las herencias del gobierno de Andr\u00e9s Manuel L\u00f3pez Obrador, pero dej\u00f3 fuera de los cargos a sus aliados del PVEM y del PT como lo hizo hace seis a\u00f1os el tabasque\u00f1o.<\/span><\/span><\/p>\n<p class=\"x_gmail-CuerpoA\"><span class=\"x_gmail-Ninguno\"><span lang=\"ES-TRAD\">\u00a0<\/span><\/span><span class=\"x_gmail-Ninguno\"><span lang=\"ES-TRAD\">Al propio L\u00f3pez Obrador no le gusta el pago de \u201ccuotas\u201d y nom\u00e1s baste recordar qu\u00e9 como Jefe de Gobierno cuando gan\u00f3 la candidatura por el PRD, no incluy\u00f3 en su Gabinete a los representantes de las diferentes \u201ctribus\u201d de esta fuerza pol\u00edtica, ya que hubo alianzas.<\/span><\/span><\/p>\n<p class=\"x_gmail-CuerpoA\"><span class=\"x_gmail-Ninguno\"><span lang=\"ES-TRAD\">\u00a0<\/span><\/span><span class=\"x_gmail-Ninguno\"><span lang=\"ES-TRAD\">Salvo contadas excepciones como la del tristemente c\u00e9lebre Ren\u00e9 Bejarano, quien fungi\u00f3 como su secretario particular, y era dirigente de la corriente de Izquierda Democr\u00e1tica, que predominaba en la capital.<\/span><\/span><\/p>\n<p class=\"x_gmail-CuerpoA\"><span class=\"x_gmail-Ninguno\"><span lang=\"ES-TRAD\">\u00a0<\/span><\/span><span class=\"x_gmail-Ninguno\"><span lang=\"ES-TRAD\">La actual presidenta de la Rep\u00fablica parece haber replicado este principio lopezobradorista. Ni un s\u00f3lo representante de los partidos que la acompa\u00f1aron en la pasada elecci\u00f3n y, que bien que mal, contribuyeron a lograr m\u00e1s de 36 millones de votos.<\/span><\/span><\/p>\n<p class=\"x_gmail-CuerpoA\"><span class=\"x_gmail-Ninguno\"><span lang=\"ES-TRAD\">\u00a0<\/span><\/span><span class=\"x_gmail-Ninguno\"><span lang=\"ES-TRAD\">Tanto en el Gabinete legal como ampliado, Sheinbaum acept\u00f3 el pago de \u201ccuotas y cuates\u201d a L\u00f3pez Obrador, quien logr\u00f3 imponer a la secretaria de Gobernaci\u00f3n, Rosa Icela Rodr\u00edguez; del Trabajo, Marath Baruch; de Medio Ambiente, Alicia B\u00e1rcena; Bienestar, Ariadna Montiel; de la Funci\u00f3n P\u00fablica, Raquel Buenrrostro y de Hacienda, Rogelio Ram\u00edrez de la O.<\/span><\/span><\/p>\n<p class=\"x_gmail-CuerpoA\"><span class=\"x_gmail-Ninguno\"><span lang=\"ES-TRAD\">\u00a0<\/span><\/span><span class=\"x_gmail-Ninguno\"><span lang=\"ES-TRAD\">En el IMSS repiti\u00f3 Zo\u00e9 Robledo; en el Infonavit fue nombrado Octavio Romero Oropeza, del c\u00edrculo m\u00e1s cercano al lopezobradorismo, al igual que Mart\u00ed Batres, como director del ISSSTE.<\/span><\/span><\/p>\n<p class=\"x_gmail-CuerpoA\"><span class=\"x_gmail-Ninguno\"><span lang=\"ES-TRAD\">\u00a0<\/span><\/span><span class=\"x_gmail-Ninguno\"><span lang=\"ES-TRAD\">S\u00f3lo la procuradora federal de Protecci\u00f3n al Ambiente, Mariana Boy Tamborrell, aunque se forj\u00f3 en Greenpeace, se vincul\u00f3 al PVEM desde hace m\u00e1s de una d\u00e9cada.<\/span><\/span><\/p>\n<p class=\"x_gmail-CuerpoA\"><span class=\"x_gmail-Ninguno\"><span lang=\"ES-TRAD\">\u00a0<\/span><\/span><span class=\"x_gmail-Ninguno\"><span lang=\"ES-TRAD\">Ya en cargos menores, las \u201ccuotas y cuates\u201d del tabasque\u00f1o ubicaron a Leticia Ram\u00edrez Ayala, como coordinadora de Asuntos Intergubernamentales y Participaci\u00f3n Social, y a Carlos Torres Rosas, como coordinador general de Programas para el Desarrollo, y al propio Jes\u00fas Ram\u00edrez, como coordinador de asesores de la Presidencia de la Rep\u00fablica, entre otros.<\/span><\/span><\/p>\n<p class=\"x_gmail-CuerpoA\"><span class=\"x_gmail-Ninguno\"><span lang=\"ES-TRAD\">\u00a0<\/span><\/span><span class=\"x_gmail-Ninguno\"><span lang=\"ES-TRAD\">Por lo pronto, la primera mujer presidenta inici\u00f3 su gobierno con la esperanza de millones de mexicanos de que habr\u00e1 buenos resultados, a\u00fan, cuando millones de mexicanos dudan de su independencia y libertad para ejercer el cargo.<\/span><\/span><\/p>\n<p class=\"x_gmail-CuerpoA\"><span class=\"x_gmail-Ninguno\"><span lang=\"ES-TRAD\">\u00a0<\/span><\/span><span class=\"x_gmail-Ninguno\"><span lang=\"ES-TRAD\">EN VISTO.- El dirigente sindical, diputado Pedro Haces, no oculta su perfil empresarial m\u00e1s que defensa de los trabajadores y se opone firmemente a la jornada laboral de 40 horas, e incluso dice que no se va a aprobar. Que alguien le diga al operador pol\u00edtico de Morena en San L\u00e1zaro y compadre del coordinador Ricardo Monreal, que esta es propuesta incluida en los 100 compromisos de Sheinbaum. Como servil, a los patrones les dice que si los empleados quieren ganar m\u00e1s, \u201cpues que trabajen m\u00e1s horas\u201d. <\/span><\/span><\/p>\n<p class=\"x_gmail-CuerpoA\"><span class=\"x_gmail-Ninguno\"><span lang=\"ES-TRAD\">Tambi\u00e9n es recordado por su f\u00e9rrea oposici\u00f3n cuando se aprob\u00f3 regular el outsourcing, ya que sus empresas de seguridad se daban vuelo violentando los derechos laborales y de los contrarios de protecci\u00f3n de la CATEM, la cual dirige, mejor ni hablamos\u2026 La Suprema Corte de Justicia dio entrada a revisar la constitucionalidad de la reforma al Poder Judicial, que podr\u00eda abrir la posibilidad de que se eche para atr\u00e1s. El dilema es si se erige como poder supremo y sienta el precedente de estar por encima de las propuestas del Ejecutivo y del Legislativo.<\/span><\/span><\/p>\n","protected":false},"excerpt":{"rendered":"<p>EN CONTACTO Mx Por Carlos Bonaparte \u00a0* En el Gabinete legal como ampliado, Sheinbaum acept\u00f3 el pago de \u201ccuotas y cuates\u201d * Millones de mexicanos dudan de su independencia y libertad para ejercer el cargo \u00a0Claudia Sheinbaum arranc\u00f3 su gesti\u00f3n como primer mujer presidenta con un Gabinete en el que conjug\u00f3 sus propios nombramientos y&#8230;<\/p>\n","protected":false},"author":2,"featured_media":31122,"comment_status":"closed","ping_status":"open","sticky":false,"template":"","format":"standard","meta":{"footnotes":""},"categories":[11],"tags":[29,30,28],"class_list":["post-31120","post","type-post","status-publish","format-standard","has-post-thumbnail","hentry","category-opinion","tag-grid","tag-news","tag-slider"],"_links":{"self":[{"href":"http:\/\/elobservatorio.com.mx\/index.php?rest_route=\/wp\/v2\/posts\/31120"}],"collection":[{"href":"http:\/\/elobservatorio.com.mx\/index.php?rest_route=\/wp\/v2\/posts"}],"about":[{"href":"http:\/\/elobservatorio.com.mx\/index.php?rest_route=\/wp\/v2\/types\/post"}],"author":[{"embeddable":true,"href":"http:\/\/elobservatorio.com.mx\/index.php?rest_route=\/wp\/v2\/users\/2"}],"replies":[{"embeddable":true,"href":"http:\/\/elobservatorio.com.mx\/index.php?rest_route=%2Fwp%2Fv2%2Fcomments&post=31120"}],"version-history":[{"count":1,"href":"http:\/\/elobservatorio.com.mx\/index.php?rest_route=\/wp\/v2\/posts\/31120\/revisions"}],"predecessor-version":[{"id":31123,"href":"http:\/\/elobservatorio.com.mx\/index.php?rest_route=\/wp\/v2\/posts\/31120\/revisions\/31123"}],"wp:featuredmedia":[{"embeddable":true,"href":"http:\/\/elobservatorio.com.mx\/index.php?rest_route=\/wp\/v2\/media\/31122"}],"wp:attachment":[{"href":"http:\/\/elobservatorio.com.mx\/index.php?rest_route=%2Fwp%2Fv2%2Fmedia&parent=31120"}],"wp:term":[{"taxonomy":"category","embeddable":true,"href":"http:\/\/elobservatorio.com.mx\/index.php?rest_route=%2Fwp%2Fv2%2Fcategories&post=31120"},{"taxonomy":"post_tag","embeddable":true,"href":"http:\/\/elobservatorio.com.mx\/index.php?rest_route=%2Fwp%2Fv2%2Ftags&post=31120"}],"curies":[{"name":"wp","href":"https:\/\/api.w.org\/{rel}","templated":true}]}}