{"id":3113,"date":"2019-03-14T20:57:11","date_gmt":"2019-03-14T20:57:11","guid":{"rendered":"http:\/\/elobservatorio.com.mx\/se-realizara-foro-de-consulta-sobre-ciencia-y-tecnologia-en-colima"},"modified":"2019-03-14T20:57:11","modified_gmt":"2019-03-14T20:57:11","slug":"se-realizara-foro-de-consulta-sobre-ciencia-y-tecnologia-en-colima","status":"publish","type":"post","link":"http:\/\/elobservatorio.com.mx\/?p=3113","title":{"rendered":"Se realizar\u00e1 Foro de consulta sobre ciencia y tecnolog\u00eda en Colima"},"content":{"rendered":"<p><em>*Tiene la finalidad de contribuir al an\u00e1lisis, discusi\u00f3n y propuestas que aporten al Plan Nacional de Desarrollo 2019-2024 y, al Programa Especial en la materia.<\/em><\/p>\n<p>Este viernes se habr\u00e1 de realizar en esta capital el Foro Estatal de Consulta, Ciencia, Tecnolog\u00eda e Innovaci\u00f3n, que tiene la finalidad de contribuir al an\u00e1lisis, discusi\u00f3n y propuestas que aporten al Plan Nacional de Desarrollo 2019-2024 y, al Programa Especial en la materia.<\/p>\n<p>Dicho Foro se realizar\u00e1 en forma conjunta entre el Gobierno del Estado de Colima y el Consejo Nacional de Ciencia y Tecnolog\u00eda (Conacyt) y cuyo evento se desarrollar\u00e1 este viernes 15 de marzo en el sal\u00f3n Ofelia del Centro de Convenciones Allegra en punto de las 9:00 horas.<\/p>\n<p>La convocatoria va dirigida a miembros de la academia, sociedad civil, empresas, c\u00e1maras, instituciones de gobierno, investigadores y l\u00edderes de opini\u00f3n que quiera participar con sus propuestas, para que impulsen el desarrollo de estos temas en nuestra entidad y a nivel nacional, a trav\u00e9s de pol\u00edticas p\u00fablicas que surjan desde el sector.<\/p>\n<p>Este Foro Estatal reviste de importancia las aportaciones que se puedan hacer, ya que a partir de este evento se definir\u00e1 el nuevo marco legal y estrategias a implementarse en la presente administraci\u00f3n federal, con una visi\u00f3n integral de los sectores y entidades federativas, para que se atiendan los temas transversales como el desarrollo sustentable, la equidad de g\u00e9nero, el combate a la corrupci\u00f3n, la territorialidad y regionalidad.<\/p>\n<p>Se realizar\u00e1n las propuestas por medio de cinco mesas que abordar\u00e1n los temas Marco jur\u00eddico y dise\u00f1o institucional; Desarrollo cient\u00edfico; Desarrollo tecnol\u00f3gico; Innovaci\u00f3n y, Desarrollo local y regional.<\/p>\n<p>El registro de participantes y mesas, se puede realizar a trav\u00e9s del link www.cecytcol.gob.mx\/foro\/ o para mayor informaci\u00f3n comunicarse a los tel\u00e9fonos (312) 3162000 Ext. 24141 y 24142 en el Consejo Estatal de Ciencia y Tecnolog\u00eda.<\/p>\n","protected":false},"excerpt":{"rendered":"<p>*Tiene la finalidad de contribuir al an\u00e1lisis, discusi\u00f3n y propuestas que aporten al Plan Nacional de Desarrollo 2019-2024 y, al Programa Especial en la materia. Este viernes se habr\u00e1 de realizar en esta capital el Foro Estatal de Consulta, Ciencia, Tecnolog\u00eda e Innovaci\u00f3n, que tiene la finalidad de contribuir al an\u00e1lisis, discusi\u00f3n y propuestas que&#8230;<\/p>\n","protected":false},"author":2,"featured_media":3114,"comment_status":"open","ping_status":"open","sticky":false,"template":"","format":"standard","meta":{"footnotes":""},"categories":[31],"tags":[29,30,28],"class_list":["post-3113","post","type-post","status-publish","format-standard","has-post-thumbnail","hentry","category-ciencia-y-tecnologia","tag-grid","tag-news","tag-slider"],"_links":{"self":[{"href":"http:\/\/elobservatorio.com.mx\/index.php?rest_route=\/wp\/v2\/posts\/3113"}],"collection":[{"href":"http:\/\/elobservatorio.com.mx\/index.php?rest_route=\/wp\/v2\/posts"}],"about":[{"href":"http:\/\/elobservatorio.com.mx\/index.php?rest_route=\/wp\/v2\/types\/post"}],"author":[{"embeddable":true,"href":"http:\/\/elobservatorio.com.mx\/index.php?rest_route=\/wp\/v2\/users\/2"}],"replies":[{"embeddable":true,"href":"http:\/\/elobservatorio.com.mx\/index.php?rest_route=%2Fwp%2Fv2%2Fcomments&post=3113"}],"version-history":[{"count":0,"href":"http:\/\/elobservatorio.com.mx\/index.php?rest_route=\/wp\/v2\/posts\/3113\/revisions"}],"wp:featuredmedia":[{"embeddable":true,"href":"http:\/\/elobservatorio.com.mx\/index.php?rest_route=\/wp\/v2\/media\/3114"}],"wp:attachment":[{"href":"http:\/\/elobservatorio.com.mx\/index.php?rest_route=%2Fwp%2Fv2%2Fmedia&parent=3113"}],"wp:term":[{"taxonomy":"category","embeddable":true,"href":"http:\/\/elobservatorio.com.mx\/index.php?rest_route=%2Fwp%2Fv2%2Fcategories&post=3113"},{"taxonomy":"post_tag","embeddable":true,"href":"http:\/\/elobservatorio.com.mx\/index.php?rest_route=%2Fwp%2Fv2%2Ftags&post=3113"}],"curies":[{"name":"wp","href":"https:\/\/api.w.org\/{rel}","templated":true}]}}