{"id":31178,"date":"2024-10-15T23:25:53","date_gmt":"2024-10-16T05:25:53","guid":{"rendered":"http:\/\/elobservatorio.com.mx\/?p=31178"},"modified":"2024-10-15T23:25:53","modified_gmt":"2024-10-16T05:25:53","slug":"circulan-fake-news-en-redes-sociales-sobre-hechos-suscitados-en-puerta-de-anzar-fge","status":"publish","type":"post","link":"http:\/\/elobservatorio.com.mx\/?p=31178","title":{"rendered":"Circulan \u00abFake News\u00bb en redes sociales sobre hechos suscitados en Puerta de Anzar: FGE"},"content":{"rendered":"<p>COMUNICADO<\/p>\n<p>La Fiscal\u00eda General del Estado mediante el siguiente comunicado informa que en relaci\u00f3n al hecho suscitado en la comunidad de Puerta de \u00c1nzar del municipio de Colima, el pasado 01 de octubre, se hacen las siguientes precisiones:<\/p>\n<ul>\n<li>Desde que se tuvo conocimiento de la noticia criminal, este organismo aut\u00f3nomo inici\u00f3 con las investigaciones correspondientes para establecer los sucesos como en todos los casos que investiga esta dependencia.<\/li>\n<li>Con base en las evidencias que obran en la carpeta de investigaci\u00f3n relacionadas con este hecho, no existen indicios que relacionen a elementos de corporaciones de seguridad en la sustracci\u00f3n de los presuntos responsables como circula en diversos medios de comunicaci\u00f3n digitales, en Facebook y aplicaciones de mensajer\u00eda instant\u00e1nea como WhatsApp, los cuales \u00fanicamente pretenden hacer creer una supuesta sustracci\u00f3n y posterior ejecuci\u00f3n extrajudicial por parte de elementos de la polic\u00eda estatal y de la Secretar\u00eda de Marina.<\/li>\n<li>Las investigaciones siguen su curso y se estar\u00e1n informando los resultados correspondientes, a trav\u00e9s de los medios oficiales.<\/li>\n<\/ul>\n<p>La FGE hace un llamado a la poblaci\u00f3n a evitar ser part\u00edcipe de compartir contenido falso mediante las diferentes redes sociales.<\/p>\n","protected":false},"excerpt":{"rendered":"<p>COMUNICADO La Fiscal\u00eda General del Estado mediante el siguiente comunicado informa que en relaci\u00f3n al hecho suscitado en la comunidad de Puerta de \u00c1nzar del municipio de Colima, el pasado 01 de octubre, se hacen las siguientes precisiones: Desde que se tuvo conocimiento de la noticia criminal, este organismo aut\u00f3nomo inici\u00f3 con las investigaciones correspondientes&#8230;<\/p>\n","protected":false},"author":2,"featured_media":31179,"comment_status":"closed","ping_status":"open","sticky":false,"template":"","format":"standard","meta":{"footnotes":""},"categories":[15],"tags":[29,30,28],"class_list":["post-31178","post","type-post","status-publish","format-standard","has-post-thumbnail","hentry","category-seguridad-y-justicia","tag-grid","tag-news","tag-slider"],"_links":{"self":[{"href":"http:\/\/elobservatorio.com.mx\/index.php?rest_route=\/wp\/v2\/posts\/31178"}],"collection":[{"href":"http:\/\/elobservatorio.com.mx\/index.php?rest_route=\/wp\/v2\/posts"}],"about":[{"href":"http:\/\/elobservatorio.com.mx\/index.php?rest_route=\/wp\/v2\/types\/post"}],"author":[{"embeddable":true,"href":"http:\/\/elobservatorio.com.mx\/index.php?rest_route=\/wp\/v2\/users\/2"}],"replies":[{"embeddable":true,"href":"http:\/\/elobservatorio.com.mx\/index.php?rest_route=%2Fwp%2Fv2%2Fcomments&post=31178"}],"version-history":[{"count":1,"href":"http:\/\/elobservatorio.com.mx\/index.php?rest_route=\/wp\/v2\/posts\/31178\/revisions"}],"predecessor-version":[{"id":31180,"href":"http:\/\/elobservatorio.com.mx\/index.php?rest_route=\/wp\/v2\/posts\/31178\/revisions\/31180"}],"wp:featuredmedia":[{"embeddable":true,"href":"http:\/\/elobservatorio.com.mx\/index.php?rest_route=\/wp\/v2\/media\/31179"}],"wp:attachment":[{"href":"http:\/\/elobservatorio.com.mx\/index.php?rest_route=%2Fwp%2Fv2%2Fmedia&parent=31178"}],"wp:term":[{"taxonomy":"category","embeddable":true,"href":"http:\/\/elobservatorio.com.mx\/index.php?rest_route=%2Fwp%2Fv2%2Fcategories&post=31178"},{"taxonomy":"post_tag","embeddable":true,"href":"http:\/\/elobservatorio.com.mx\/index.php?rest_route=%2Fwp%2Fv2%2Ftags&post=31178"}],"curies":[{"name":"wp","href":"https:\/\/api.w.org\/{rel}","templated":true}]}}